{"id":25642,"date":"2023-04-28T22:47:10","date_gmt":"2023-04-28T22:47:10","guid":{"rendered":"http:\/\/lahora.mx\/?p=25642"},"modified":"2023-04-28T22:47:11","modified_gmt":"2023-04-28T22:47:11","slug":"lineas-1-y-3-del-ruta-amplian-horarios-por-la-feria-de-puebla","status":"publish","type":"post","link":"https:\/\/lahora.mx\/index.php\/2023\/04\/28\/lineas-1-y-3-del-ruta-amplian-horarios-por-la-feria-de-puebla\/","title":{"rendered":"L\u00edneas 1 y 3 del RUTA ampl\u00edan horarios por la Feria de Puebla"},"content":{"rendered":"\n<p>Las l\u00edneas 1 y 3 de la Red Urbana de Transporte Articulado (RUTA) ampliaron sus horarios de servicio por la Feria de Puebla.<\/p>\n\n\n\n<p>As\u00ed lo inform\u00f3 RUTA a trav\u00e9s de sus redes sociles, por lo que la \u00faltima salida de la L\u00ednea 1 Chachapa-Tlaxcalancingo ser\u00e1 a las 24:00 horas hasta que concluya su recurrido.<\/p>\n\n\n\n<p>En el aso del CAPU-Valsequillo, tendr\u00e1 su \u00faltima salida a las 00:20 horas, de lunes a jueves.<\/p>\n\n\n\n<p>De viernes a domingo, el horario ser\u00e1 hasta las 1:00 horas, con el fin de que los asistentes al Teatro del Pueblo o al Palenque tengan transporte para regresar a casa.<\/p>\n\n\n\n<p>Dicho servicio se habilitar\u00e1 a partir del 28 de abril hasta el 14 de mayo que concluir\u00e1 la Feria de Puebla<\/p>\n","protected":false},"excerpt":{"rendered":"<p>Las l\u00edneas 1 y 3 de la Red Urbana de Transporte Articulado (RUTA) ampliaron sus horarios de servicio por la Feria de Puebla. As\u00ed lo inform\u00f3 RUTA a trav\u00e9s de sus redes sociles, por lo que la \u00faltima salida de la L\u00ednea 1 Chachapa-Tlaxcalancingo ser\u00e1 a las 24:00 horas hasta que concluya su recurrido. En [&hellip;]<\/p>\n","protected":false},"author":4,"featured_media":25643,"comment_status":"open","ping_status":"open","sticky":false,"template":"","format":"standard","meta":{"om_disable_all_campaigns":false,"_monsterinsights_skip_tracking":false,"_monsterinsights_sitenote_active":false,"_monsterinsights_sitenote_note":"","_monsterinsights_sitenote_category":0,"footnotes":""},"categories":[175],"tags":[195,223],"class_list":["post-25642","post","type-post","status-publish","format-standard","has-post-thumbnail","hentry","category-local","tag-principal","tag-puebla"],"amp_enabled":true,"_links":{"self":[{"href":"https:\/\/lahora.mx\/index.php\/wp-json\/wp\/v2\/posts\/25642","targetHints":{"allow":["GET"]}}],"collection":[{"href":"https:\/\/lahora.mx\/index.php\/wp-json\/wp\/v2\/posts"}],"about":[{"href":"https:\/\/lahora.mx\/index.php\/wp-json\/wp\/v2\/types\/post"}],"author":[{"embeddable":true,"href":"https:\/\/lahora.mx\/index.php\/wp-json\/wp\/v2\/users\/4"}],"replies":[{"embeddable":true,"href":"https:\/\/lahora.mx\/index.php\/wp-json\/wp\/v2\/comments?post=25642"}],"version-history":[{"count":1,"href":"https:\/\/lahora.mx\/index.php\/wp-json\/wp\/v2\/posts\/25642\/revisions"}],"predecessor-version":[{"id":25644,"href":"https:\/\/lahora.mx\/index.php\/wp-json\/wp\/v2\/posts\/25642\/revisions\/25644"}],"wp:featuredmedia":[{"embeddable":true,"href":"https:\/\/lahora.mx\/index.php\/wp-json\/wp\/v2\/media\/25643"}],"wp:attachment":[{"href":"https:\/\/lahora.mx\/index.php\/wp-json\/wp\/v2\/media?parent=25642"}],"wp:term":[{"taxonomy":"category","embeddable":true,"href":"https:\/\/lahora.mx\/index.php\/wp-json\/wp\/v2\/categories?post=25642"},{"taxonomy":"post_tag","embeddable":true,"href":"https:\/\/lahora.mx\/index.php\/wp-json\/wp\/v2\/tags?post=25642"}],"curies":[{"name":"wp","href":"https:\/\/api.w.org\/{rel}","templated":true}]}}