{"id":25621,"date":"2023-04-28T17:29:01","date_gmt":"2023-04-28T17:29:01","guid":{"rendered":"http:\/\/lahora.mx\/?p=25621"},"modified":"2023-04-28T17:29:02","modified_gmt":"2023-04-28T17:29:02","slug":"coparmex-puebla-defiende-a-inai","status":"publish","type":"post","link":"https:\/\/lahora.mx\/index.php\/2023\/04\/28\/coparmex-puebla-defiende-a-inai\/","title":{"rendered":"Coparmex Puebla defiende a INAI"},"content":{"rendered":"\n<p>En torno al piso d\u00e9bil por el que transita el Instituto Nacional de Transparencia, Acceso a la Informaci\u00f3n y Protecci\u00f3n de Datos Personales (INAI) en las \u00faltimas horas, la Coparmex Puebla ha reprochado la presencia de iniciativas que atentan directamente contra la transparencia, la rendici\u00f3n de cuentas y la legalidad.<\/p>\n\n\n\n<p>Expresado por el presidente del organismo empresarial en Puebla, Rub\u00e9n Furlong Mart\u00ednez, la incertidumbre de la permanencia de \u00f3rganos aut\u00f3nomos se gener\u00f3 a ra\u00edz de las contradicciones que se suscitaron e torno a la salud del presidente Andr\u00e9s Manuel L\u00f3pez Obrador, quien esta misma ma\u00f1ana ya se incorpor\u00f3 a las conferencias de prensa matutinas.<\/p>\n\n\n\n<p><br>Las fuerzas pol\u00edticas afines al presidente de M\u00e9xico, manifest\u00f3, aprovecharon la falta de certeza que originaron los rumores de la salud del mandatario tabasque\u00f1o para incluso ya aprobar dichas iniciativas que van en detrimento de los \u00f3rganos aut\u00f3nomos.<\/p>\n\n\n\n<p>Lo anterior, asegur\u00f3, abre la posibilidad a escenarios en los que la opacidad, la impunidad y la corrupci\u00f3n se hagan presentes con plena libertad y sin ning\u00fan tipo de vigilancia.<\/p>\n\n\n\n<p><br>Ante lo cual, dichas iniciativas fueron presentadas y aprobadas sin haber dialogado con los distintos sectores de la sociedad, \u201cignorando la voz, pensar y sentir de la iniciativa privada, la academia y las organizaciones de la sociedad civil\u201d, resalta el comunicado de la Coparmex Puebla.<\/p>\n\n\n\n<p>Recientemente integrantes de la Confederaci\u00f3n Patronal de M\u00e9xico en Puebla hab\u00edan manifestado su preocupaci\u00f3n por la falta de voluntad por parte de las y los legisladores para promover la designaci\u00f3n de los comisionados en las tres vacantes que restan por integrar el INAI.<\/p>\n\n\n\n<p>En las \u00faltimas horas se dio a conocer que legisladores y legisladores opositores al partido gobernante acamparon en el Pleno del Senado de la Rep\u00fablica como forma de protesta por la falta de comisionados en el INAI y su actual inoperancia.<\/p>\n\n\n\n<p>Otra de las necesidades ciudadanas que Coparmex Puebla considera debe darse prioridad legislativa es consensuar la mejor ruta para llegar a acuerdos en diferentes temas como la reducci\u00f3n de la jornada laboral.<\/p>\n\n\n\n<p>Adem\u00e1s de contar con una Ley de Ciencia y Tecnolog\u00eda que mejore el funcionamiento del CONACYT.<\/p>\n","protected":false},"excerpt":{"rendered":"<p>En torno al piso d\u00e9bil por el que transita el Instituto Nacional de Transparencia, Acceso a la Informaci\u00f3n y Protecci\u00f3n de Datos Personales (INAI) en las \u00faltimas horas, la Coparmex Puebla ha reprochado la presencia de iniciativas que atentan directamente contra la transparencia, la rendici\u00f3n de cuentas y la legalidad. Expresado por el presidente del [&hellip;]<\/p>\n","protected":false},"author":4,"featured_media":25622,"comment_status":"open","ping_status":"open","sticky":false,"template":"","format":"standard","meta":{"om_disable_all_campaigns":false,"_monsterinsights_skip_tracking":false,"_monsterinsights_sitenote_active":false,"_monsterinsights_sitenote_note":"","_monsterinsights_sitenote_category":0,"footnotes":""},"categories":[175],"tags":[223],"class_list":["post-25621","post","type-post","status-publish","format-standard","has-post-thumbnail","hentry","category-local","tag-puebla"],"amp_enabled":true,"_links":{"self":[{"href":"https:\/\/lahora.mx\/index.php\/wp-json\/wp\/v2\/posts\/25621","targetHints":{"allow":["GET"]}}],"collection":[{"href":"https:\/\/lahora.mx\/index.php\/wp-json\/wp\/v2\/posts"}],"about":[{"href":"https:\/\/lahora.mx\/index.php\/wp-json\/wp\/v2\/types\/post"}],"author":[{"embeddable":true,"href":"https:\/\/lahora.mx\/index.php\/wp-json\/wp\/v2\/users\/4"}],"replies":[{"embeddable":true,"href":"https:\/\/lahora.mx\/index.php\/wp-json\/wp\/v2\/comments?post=25621"}],"version-history":[{"count":1,"href":"https:\/\/lahora.mx\/index.php\/wp-json\/wp\/v2\/posts\/25621\/revisions"}],"predecessor-version":[{"id":25623,"href":"https:\/\/lahora.mx\/index.php\/wp-json\/wp\/v2\/posts\/25621\/revisions\/25623"}],"wp:featuredmedia":[{"embeddable":true,"href":"https:\/\/lahora.mx\/index.php\/wp-json\/wp\/v2\/media\/25622"}],"wp:attachment":[{"href":"https:\/\/lahora.mx\/index.php\/wp-json\/wp\/v2\/media?parent=25621"}],"wp:term":[{"taxonomy":"category","embeddable":true,"href":"https:\/\/lahora.mx\/index.php\/wp-json\/wp\/v2\/categories?post=25621"},{"taxonomy":"post_tag","embeddable":true,"href":"https:\/\/lahora.mx\/index.php\/wp-json\/wp\/v2\/tags?post=25621"}],"curies":[{"name":"wp","href":"https:\/\/api.w.org\/{rel}","templated":true}]}}