{"id":25618,"date":"2023-04-28T17:23:18","date_gmt":"2023-04-28T17:23:18","guid":{"rendered":"http:\/\/lahora.mx\/?p=25618"},"modified":"2023-04-28T17:23:19","modified_gmt":"2023-04-28T17:23:19","slug":"policia-municipal-desmantela-puestos-externos-al-mercado-amalucan","status":"publish","type":"post","link":"https:\/\/lahora.mx\/index.php\/2023\/04\/28\/policia-municipal-desmantela-puestos-externos-al-mercado-amalucan\/","title":{"rendered":"Polic\u00eda Municipal desmantela puestos externos al Mercado Amalucan"},"content":{"rendered":"\n<p>Con apoyo de una centena de elementos de la Polic\u00eda Municipal, de V\u00eda P\u00fablica y de la Secretar\u00eda de Gobernaci\u00f3n Municipal (Segom), as\u00ed como maquinaria pesada, se desmantelaron los puestos instalados en banquetas y calles aleda\u00f1as al Mercado Amalucan.<\/p>\n\n\n\n<p>Estos puestos eran de comerciantes que se negaron a regresar a vender al interior del centro de abasto por estar inconformes con la remodelaci\u00f3n realizada al inmueble por el Ayuntamiento de Puebla.<\/p>\n\n\n\n<p>Debido al operativo fueron cerradas a la circulaci\u00f3n vial el Bulevar Xonacatepec, calle Ahuehuete y calle Encino, as\u00ed como avenida Manuel Rivera y calle Filomeno Escamilla, y tambi\u00e9n la avenida las Torres y calle Roble.<\/p>\n\n\n\n<p>El operativo caus\u00f3 inconformidad de los comerciantes y gener\u00f3 algunos conatos de bronca, sin embargo se realiz\u00f3 el desalojo.<\/p>\n\n\n\n<p>El representante de los comerciantes, Andr\u00e9s Campos, neg\u00f3 que exista una notificaci\u00f3n sobre el desalojo y que, m\u00e1s bien, estaba programada una reuni\u00f3n con el titular de la Segom, Jorge Arturo Cruz Lepe para negociar su retorno al mercado.<\/p>\n\n\n\n<p>Record\u00f3 que son 100 locatarios los que se ubicaron fuera del mercado, desde febrero de 2021, para que el Ayuntamiento de Puebla pudiera realizar la reconstrucci\u00f3n. Desde entonces se colocaron carpas y otras estructuras para que pudieran vender.<\/p>\n\n\n\n<p>La negativa para regresar al interior del mercado se debe a inconformidades sobre las condiciones del inmueble y a un conflicto con la organizaci\u00f3n la UPVA 28 de Octubre y el cobro de cuotas.<\/p>\n","protected":false},"excerpt":{"rendered":"<p>Con apoyo de una centena de elementos de la Polic\u00eda Municipal, de V\u00eda P\u00fablica y de la Secretar\u00eda de Gobernaci\u00f3n Municipal (Segom), as\u00ed como maquinaria pesada, se desmantelaron los puestos instalados en banquetas y calles aleda\u00f1as al Mercado Amalucan. Estos puestos eran de comerciantes que se negaron a regresar a vender al interior del centro [&hellip;]<\/p>\n","protected":false},"author":4,"featured_media":25619,"comment_status":"open","ping_status":"open","sticky":false,"template":"","format":"standard","meta":{"om_disable_all_campaigns":false,"_monsterinsights_skip_tracking":false,"_monsterinsights_sitenote_active":false,"_monsterinsights_sitenote_note":"","_monsterinsights_sitenote_category":0,"footnotes":""},"categories":[175],"tags":[223],"class_list":["post-25618","post","type-post","status-publish","format-standard","has-post-thumbnail","hentry","category-local","tag-puebla"],"amp_enabled":true,"_links":{"self":[{"href":"https:\/\/lahora.mx\/index.php\/wp-json\/wp\/v2\/posts\/25618","targetHints":{"allow":["GET"]}}],"collection":[{"href":"https:\/\/lahora.mx\/index.php\/wp-json\/wp\/v2\/posts"}],"about":[{"href":"https:\/\/lahora.mx\/index.php\/wp-json\/wp\/v2\/types\/post"}],"author":[{"embeddable":true,"href":"https:\/\/lahora.mx\/index.php\/wp-json\/wp\/v2\/users\/4"}],"replies":[{"embeddable":true,"href":"https:\/\/lahora.mx\/index.php\/wp-json\/wp\/v2\/comments?post=25618"}],"version-history":[{"count":1,"href":"https:\/\/lahora.mx\/index.php\/wp-json\/wp\/v2\/posts\/25618\/revisions"}],"predecessor-version":[{"id":25620,"href":"https:\/\/lahora.mx\/index.php\/wp-json\/wp\/v2\/posts\/25618\/revisions\/25620"}],"wp:featuredmedia":[{"embeddable":true,"href":"https:\/\/lahora.mx\/index.php\/wp-json\/wp\/v2\/media\/25619"}],"wp:attachment":[{"href":"https:\/\/lahora.mx\/index.php\/wp-json\/wp\/v2\/media?parent=25618"}],"wp:term":[{"taxonomy":"category","embeddable":true,"href":"https:\/\/lahora.mx\/index.php\/wp-json\/wp\/v2\/categories?post=25618"},{"taxonomy":"post_tag","embeddable":true,"href":"https:\/\/lahora.mx\/index.php\/wp-json\/wp\/v2\/tags?post=25618"}],"curies":[{"name":"wp","href":"https:\/\/api.w.org\/{rel}","templated":true}]}}