{"id":25615,"date":"2023-04-28T16:53:11","date_gmt":"2023-04-28T16:53:11","guid":{"rendered":"http:\/\/lahora.mx\/?p=25615"},"modified":"2023-04-28T16:53:12","modified_gmt":"2023-04-28T16:53:12","slug":"paco-villa-revela-en-redes-sociales-que-padece-cancer","status":"publish","type":"post","link":"https:\/\/lahora.mx\/index.php\/2023\/04\/28\/paco-villa-revela-en-redes-sociales-que-padece-cancer\/","title":{"rendered":"Paco Villa  revela en redes sociales que padece c\u00e1ncer"},"content":{"rendered":"\n<p>Mediante redes sociales, el narrador de TUDN, Paco Villa dio a conocer que se encuentra en tratamiento por un c\u00e1ncer que le fue detectado hace unos meses durante la Copa del Mundo de Qatar 2022.<\/p>\n\n\n\n<p>\u00abEstoy en un tratamiento por c\u00e1ncer agresivo, avanzado que me detectaron durante la Copa del Mundo de Qatar 2022. Estoy en la d\u00e9cima ronda de tratamiento con qu\u00edmicos\u00bb, coment\u00f3.<br>Ante la dif\u00edcil situaci\u00f3n que vive, Villa agradeci\u00f3 a su familia por estar presente en cada momento de el proceso y asegur\u00f3 que tras diez sesiones con qu\u00edmicos se encuentra bien y muy fuerte.<\/p>\n\n\n\n<p>\u00abMe siento bien, cada d\u00eda m\u00e1s fuerte y agradecido por tantas cosas que he recibido a lo largo de mi vida. Soy un creyente y se que Dios ha estado conmigo\u00bb.<\/p>\n\n\n\n<p>Por \u00faltimo, Paco Villa destac\u00f3 el papel de su empresa y compa\u00f1eros de trabajo, que tambi\u00e9n lo apoyan en sus actividades diarias en el canal<\/p>\n\n\n\n<p>\u00abLa gente en TUDN ha sido sumamente solidario. Me reincorpor\u00e9 a las narraciones para TUDN desde enero y eso me ha hecho muy feliz\u00bb.<\/p>\n","protected":false},"excerpt":{"rendered":"<p>Mediante redes sociales, el narrador de TUDN, Paco Villa dio a conocer que se encuentra en tratamiento por un c\u00e1ncer que le fue detectado hace unos meses durante la Copa del Mundo de Qatar 2022. \u00abEstoy en un tratamiento por c\u00e1ncer agresivo, avanzado que me detectaron durante la Copa del Mundo de Qatar 2022. Estoy [&hellip;]<\/p>\n","protected":false},"author":4,"featured_media":25616,"comment_status":"open","ping_status":"open","sticky":false,"template":"","format":"standard","meta":{"om_disable_all_campaigns":false,"_monsterinsights_skip_tracking":false,"_monsterinsights_sitenote_active":false,"_monsterinsights_sitenote_note":"","_monsterinsights_sitenote_category":0,"footnotes":""},"categories":[176,6],"tags":[142],"class_list":["post-25615","post","type-post","status-publish","format-standard","has-post-thumbnail","hentry","category-nacional","category-sports","tag-sports"],"amp_enabled":true,"_links":{"self":[{"href":"https:\/\/lahora.mx\/index.php\/wp-json\/wp\/v2\/posts\/25615","targetHints":{"allow":["GET"]}}],"collection":[{"href":"https:\/\/lahora.mx\/index.php\/wp-json\/wp\/v2\/posts"}],"about":[{"href":"https:\/\/lahora.mx\/index.php\/wp-json\/wp\/v2\/types\/post"}],"author":[{"embeddable":true,"href":"https:\/\/lahora.mx\/index.php\/wp-json\/wp\/v2\/users\/4"}],"replies":[{"embeddable":true,"href":"https:\/\/lahora.mx\/index.php\/wp-json\/wp\/v2\/comments?post=25615"}],"version-history":[{"count":1,"href":"https:\/\/lahora.mx\/index.php\/wp-json\/wp\/v2\/posts\/25615\/revisions"}],"predecessor-version":[{"id":25617,"href":"https:\/\/lahora.mx\/index.php\/wp-json\/wp\/v2\/posts\/25615\/revisions\/25617"}],"wp:featuredmedia":[{"embeddable":true,"href":"https:\/\/lahora.mx\/index.php\/wp-json\/wp\/v2\/media\/25616"}],"wp:attachment":[{"href":"https:\/\/lahora.mx\/index.php\/wp-json\/wp\/v2\/media?parent=25615"}],"wp:term":[{"taxonomy":"category","embeddable":true,"href":"https:\/\/lahora.mx\/index.php\/wp-json\/wp\/v2\/categories?post=25615"},{"taxonomy":"post_tag","embeddable":true,"href":"https:\/\/lahora.mx\/index.php\/wp-json\/wp\/v2\/tags?post=25615"}],"curies":[{"name":"wp","href":"https:\/\/api.w.org\/{rel}","templated":true}]}}