{"id":25612,"date":"2023-04-28T02:30:46","date_gmt":"2023-04-28T02:30:46","guid":{"rendered":"http:\/\/lahora.mx\/?p=25612"},"modified":"2023-04-28T02:30:47","modified_gmt":"2023-04-28T02:30:47","slug":"el-desfile-iluminando-corazones-llegara-a-puebla-capital","status":"publish","type":"post","link":"https:\/\/lahora.mx\/index.php\/2023\/04\/28\/el-desfile-iluminando-corazones-llegara-a-puebla-capital\/","title":{"rendered":"El desfile Iluminando corazones llegar\u00e1 a Puebla capital"},"content":{"rendered":"\n<p>En el marco del D\u00eda de la Ni\u00f1a y el Ni\u00f1o, el Ayuntamiento de Puebla -presidido por Eduardo Rivera P\u00e9rez-, inform\u00f3 en voz de los regidores Carlos Montiel Solana y Gabriela Ruiz Ben\u00edtez la realizaci\u00f3n del desfile \u2018Iluminando Corazones&#8217; este 28 de abril para el disfrute de las y los peque\u00f1os del norte del municipio.<\/p>\n\n\n\n<p>De acuerdo con Gabriela Ruiz Ben\u00edtez, Regidora Presidenta de la Comisi\u00f3n de Salubridad, Asistencia P\u00fablica, Grupos Vulnerables y Personas con Discapacidad, el recorrido constar\u00e1 de tres kil\u00f3metros, los cuales comenzar\u00e1n en la calle Francisco I. Madero -desde calle Emiliano Zapata- en San Pablo Xochimehuacan, para continuar por la 5 de Febrero hasta Aquiles Serd\u00e1n Sur en San Felipe Hueyotlipan.<\/p>\n\n\n\n<p>Asimismo, Ruiz Ben\u00edtez detall\u00f3 que en esta caravana que comenzar\u00e1 en punto de las 19:15 horas las y los peque\u00f1os podr\u00e1n disfrutar de personajes como Baby Shark, Mickey y Minnie, Paw Patrol, Pikachu, la Liga de la Justicia, Spiderman y tambi\u00e9n el acompa\u00f1amiento de muchas princesas, adem\u00e1s de un espect\u00e1culo de iluminaci\u00f3n, por lo que invit\u00f3 a madres y padres de familia a llevar a sus hijos e hijas a vivir esta experiencia.<\/p>\n\n\n\n<p>Gran Bodega, Cl\u00ednica Stela, UVP, Feria Musical, Chipileta, Distribuidora C\u00e1rnicos Marios y Gapsa se suman a la realizaci\u00f3n de este desfile, al que tambi\u00e9n invitan Marcial Jes\u00fas Malcos Cruz y Antonio Blanco Rodr\u00edguez, Presidentes Auxiliares de San Felipe Hueyotlipan y San Pablo Xochimehuacan respectivamente, quienes agradecieron al Gobierno Municipal por llevar iniciativas como estas a ni\u00f1as y ni\u00f1os en situaciones vulnerables.<\/p>\n","protected":false},"excerpt":{"rendered":"<p>En el marco del D\u00eda de la Ni\u00f1a y el Ni\u00f1o, el Ayuntamiento de Puebla -presidido por Eduardo Rivera P\u00e9rez-, inform\u00f3 en voz de los regidores Carlos Montiel Solana y Gabriela Ruiz Ben\u00edtez la realizaci\u00f3n del desfile \u2018Iluminando Corazones&#8217; este 28 de abril para el disfrute de las y los peque\u00f1os del norte del municipio. [&hellip;]<\/p>\n","protected":false},"author":4,"featured_media":25613,"comment_status":"open","ping_status":"open","sticky":false,"template":"","format":"standard","meta":{"om_disable_all_campaigns":false,"_monsterinsights_skip_tracking":false,"_monsterinsights_sitenote_active":false,"_monsterinsights_sitenote_note":"","_monsterinsights_sitenote_category":0,"footnotes":""},"categories":[175],"tags":[223],"class_list":["post-25612","post","type-post","status-publish","format-standard","has-post-thumbnail","hentry","category-local","tag-puebla"],"amp_enabled":true,"_links":{"self":[{"href":"https:\/\/lahora.mx\/index.php\/wp-json\/wp\/v2\/posts\/25612","targetHints":{"allow":["GET"]}}],"collection":[{"href":"https:\/\/lahora.mx\/index.php\/wp-json\/wp\/v2\/posts"}],"about":[{"href":"https:\/\/lahora.mx\/index.php\/wp-json\/wp\/v2\/types\/post"}],"author":[{"embeddable":true,"href":"https:\/\/lahora.mx\/index.php\/wp-json\/wp\/v2\/users\/4"}],"replies":[{"embeddable":true,"href":"https:\/\/lahora.mx\/index.php\/wp-json\/wp\/v2\/comments?post=25612"}],"version-history":[{"count":1,"href":"https:\/\/lahora.mx\/index.php\/wp-json\/wp\/v2\/posts\/25612\/revisions"}],"predecessor-version":[{"id":25614,"href":"https:\/\/lahora.mx\/index.php\/wp-json\/wp\/v2\/posts\/25612\/revisions\/25614"}],"wp:featuredmedia":[{"embeddable":true,"href":"https:\/\/lahora.mx\/index.php\/wp-json\/wp\/v2\/media\/25613"}],"wp:attachment":[{"href":"https:\/\/lahora.mx\/index.php\/wp-json\/wp\/v2\/media?parent=25612"}],"wp:term":[{"taxonomy":"category","embeddable":true,"href":"https:\/\/lahora.mx\/index.php\/wp-json\/wp\/v2\/categories?post=25612"},{"taxonomy":"post_tag","embeddable":true,"href":"https:\/\/lahora.mx\/index.php\/wp-json\/wp\/v2\/tags?post=25612"}],"curies":[{"name":"wp","href":"https:\/\/api.w.org\/{rel}","templated":true}]}}