{"id":25609,"date":"2023-04-28T02:28:27","date_gmt":"2023-04-28T02:28:27","guid":{"rendered":"http:\/\/lahora.mx\/?p=25609"},"modified":"2023-04-28T02:28:27","modified_gmt":"2023-04-28T02:28:27","slug":"aprueba-comision-permanente-exhorto-para-garantizar-servicios-del-sat-al-interior-del-estado","status":"publish","type":"post","link":"https:\/\/lahora.mx\/index.php\/2023\/04\/28\/aprueba-comision-permanente-exhorto-para-garantizar-servicios-del-sat-al-interior-del-estado\/","title":{"rendered":"Aprueba Comisi\u00f3n Permanente exhorto para garantizar servicios del SAT al interior del Estado"},"content":{"rendered":"\n<p>En sesi\u00f3n de la Comisi\u00f3n Permanente se aprob\u00f3 un punto de acuerdo mediante el cual se exhorta al Servicio de Administraci\u00f3n Tributaria (SAT) para que, en la medida de su capacidad presupuestaria, proporcione los servicios para el tr\u00e1mite de la firma electr\u00f3nica, as\u00ed como para realizar aclaraciones sobre requerimientos, multas y de recargos fiscales, en cada uno de los M\u00f3dulos de Servicios Tributarios instalados al interior del Estado de Puebla.<br>En el punto de acuerdo, aprobado por unanimidad, tambi\u00e9n se exhorta al SAT a establecer los mecanismos e instrumentos de coordinaci\u00f3n y vinculaci\u00f3n con los Centros Integrales de Servicios (CIS) del Estado o presidencias municipales, con el objetivo de acercar y facilitar los tr\u00e1mites y servicios a la ciudadan\u00eda.<\/p>\n\n\n\n<p>Por otra parte, las y los integrantes de la Comisi\u00f3n Permanente avalaron un punto de acuerdo por el que se exhorta a la Coordinaci\u00f3n General de Protecci\u00f3n Civil del Gobierno del Estado a que, en coordinaci\u00f3n con los Ayuntamientos de la entidad, implementen acciones de control, mitigaci\u00f3n y prevenci\u00f3n de inundaciones y deslaves, con motivo de la temporada de lluvias en el Estado.<\/p>\n\n\n\n<p>Durante la sesi\u00f3n, el diputado N\u00e9stor Camarillo Medina present\u00f3 una iniciativa para reformar diversas disposiciones de la Ley de Bienestar Animal y del C\u00f3digo Penal, para indicar que cualquier persona que sea propietaria, poseedora o se encuentre a cargo de un animal debe educarlo con m\u00e9todos que no provoquen sufrimiento o maltrato, ni le causen estado de ansiedad o miedo.<\/p>\n\n\n\n<p>La propuesta plantea sancionar el abandono de animales especialmente en el medio natural donde pueden ocasionar da\u00f1os posteriores por asilvestramiento o por su condici\u00f3n de especies ex\u00f3ticas potencialmente invasoras; adem\u00e1s, expone que, si por descuido o inobservancia del responsable atacase a personas o animales caus\u00e1ndole lesiones o la muerte, las indemnizaciones correspondientes ser\u00e1n exigidas mediante el procedimiento que se\u00f1alen las leyes aplicables.<\/p>\n\n\n\n<p>La iniciativa fue turnada a las Comisiones Unidas de Procuraci\u00f3n y Administraci\u00f3n de Justicia y de Medio Ambiente, Recursos Naturales y Cambio Clim\u00e1tico.<\/p>\n\n\n\n<p>A nombre de sus compa\u00f1eras Daniela Mier Ba\u00f1uelos, Eliana Ang\u00e9lica Cervantes Gonz\u00e1lez y Mar\u00eda Yolanda G\u00e1mez Mendoza, as\u00ed como de su compa\u00f1ero Carlos Alberto Evangelista Aniceto, el diputado Jos\u00e9 Iv\u00e1n Herrera Villag\u00f3mez present\u00f3 una iniciativa de reforma al art\u00edculo 38 de la Ley Org\u00e1nica de la Administraci\u00f3n P\u00fablica, para indicar que la Secretar\u00eda del Trabajo promueva medidas para la inclusi\u00f3n laboral.<\/p>\n\n\n\n<p>La iniciativa detalla que la dependencia debe promover, a trav\u00e9s de un \u00e1rea especializada, medidas de acci\u00f3n orientadas a lograr la efectiva inclusi\u00f3n laboral de las personas travestis, transexuales y transg\u00e9nero, por medio del reconocimiento de la identidad de g\u00e9nero, la sensibilizaci\u00f3n y capacitaci\u00f3n de agentes p\u00fablicos desde una perspectiva de g\u00e9nero y de diversidad sexual, as\u00ed como llevar a cabo un diagn\u00f3stico sobre las condiciones laborales de este grupo.<\/p>\n\n\n\n<p>En su momento, la Comisi\u00f3n Permanente turn\u00f3 la iniciativa a las Comisiones Unidas de Gobernaci\u00f3n y Puntos Constitucionales y de Trabajo, Competitividad y Previsi\u00f3n Social para su estudio.<\/p>\n\n\n\n<p>En Tribuna, el diputado Fernando S\u00e1nchez Sasia present\u00f3 un punto de acuerdo para solicitar al Ayuntamiento de Tehuac\u00e1n, a que de manera inmediata d\u00e9 a conocer el Programa de Remediaci\u00f3n que llevar\u00e1 a cabo en el espacio conocido como patio de transferencia ubicado en la localidad de San Marcos Necoxtla, en los t\u00e9rminos se\u00f1alados por las leyes en la materia.<\/p>\n\n\n\n<p>La propuesta fue turnada a la Comisi\u00f3n de Medio Ambiente, Recursos Naturales y Cambio Clim\u00e1tico.<\/p>\n\n\n\n<p>Por su parte, el diputado Adolfo Alatriste Cant\u00fa present\u00f3 un punto de acuerdo para exhortar al Coordinador de la Guardia Nacional en Puebla, para que, conforme a sus atribuciones y en coordinaci\u00f3n con el titular de la Secretar\u00eda de Seguridad P\u00fablica del Estado, implementen acciones y operativos para garantizar la seguridad de las personas que transitan por las v\u00edas de comunicaci\u00f3n de la entidad, as\u00ed como para evitar la comisi\u00f3n de delitos que se presentan en las carreteras federales y estatales, como lo es el robo de autotransporte de carga.<br>El punto de acuerdo fue turnado a la Comisi\u00f3n de Seguridad para su an\u00e1lisis.<\/p>\n\n\n\n<p>En su momento, el diputado Iv\u00e1n Herrera Villag\u00f3mez present\u00f3 un punto de acuerdo para exhortar al director general, y al Consejo Directivo ambos del Sistema Operador de los Servicios de Agua Potable y Alcantarillado del Municipio de Puebla, para que env\u00eden a esta Soberan\u00eda un informe detallado de cu\u00e1les han sido las inversiones realizadas desde el ajuste de tarifas aprobado en julio de 2022.<\/p>\n\n\n\n<p>El exhorto fue turnado a la Comisi\u00f3n de Hacienda y Patrimonio Municipal para su estudio y resoluci\u00f3n procedente.<\/p>\n\n\n\n<p>Durante la sesi\u00f3n de la Comisi\u00f3n Permanente fueron turnados a sus respectivas Comisiones los siguientes asuntos:<\/p>\n\n\n\n<p>La iniciativa del diputado Antonio L\u00f3pez Ruiz para modificar el art\u00edculo 271 del C\u00f3digo Penal a fin de establecer que, cuando el delito de violaci\u00f3n sea cometido por quien desempe\u00f1e un cargo, comisi\u00f3n o empleo p\u00fablico o ejerza una profesi\u00f3n, utilizando los medios o circunstancias que ellos le proporcionen, la sanci\u00f3n que le corresponda por aquel delito se duplicar\u00e1.<\/p>\n\n\n\n<p>En el caso de las personas servidoras p\u00fablicas, ser\u00e1n destituidas definitivamente del cargo, comisi\u00f3n o empleo p\u00fablico que desempe\u00f1en, e inhabilitadas por un tiempo igual al de la privaci\u00f3n de la libertad, t\u00e9rmino que ser\u00e1 contado, a partir de que se cumpla con esta \u00faltima. Adem\u00e1s, en el supuesto de las personas que cometan este delito, por el ejercicio de la profesi\u00f3n, las mismas ser\u00e1n suspendidas por diez a\u00f1os en el ejercicio de aquella.<\/p>\n\n\n\n<p>La propuesta fue turnada a la Comisi\u00f3n de Procuraci\u00f3n y Administraci\u00f3n de Justicia para su estudio y resoluci\u00f3n procedente.<\/p>\n\n\n\n<p>Asimismo, la iniciativa del diputado Jorge Estefan Chidiac mediante la cual se reforman los art\u00edculos 2 y 11 Bis de la Ley de Protecci\u00f3n a los no Fumadores, para actualizar la definici\u00f3n de fumar, e integrar los conceptos de cigarrillo electr\u00f3nico, fumador pasivo y fumador.<\/p>\n\n\n\n<p>La propuesta legislativa detalla que, en los lineamientos para la ejecuci\u00f3n y evaluaci\u00f3n del Programa contra el Tabaquismo, se considerar\u00e1, entre otras acciones la educaci\u00f3n sobre los efectos del tabaquismo, mediante cigarrillo tradicional, cigarrillo electr\u00f3nico o similares en la salud de fumadores y fumadores pasivos como medida de prevenci\u00f3n; dirigida especialmente a la familia, ni\u00f1os y adolescentes.<\/p>\n\n\n\n<p>Esta iniciativa fue turnada a la Comisi\u00f3n de Salud para su an\u00e1lisis.<\/p>\n\n\n\n<p>El punto de acuerdo de la diputada Daniela Mier Ba\u00f1uelos para exhortar a la Secretar\u00eda de Gobernaci\u00f3n del Estado, para que se emita una alerta de contingencia ambiental y se realice la suspensi\u00f3n de actividades al aire libre en los municipios afectados por la actividad del volc\u00e1n Popocat\u00e9petl ante los riesgos a la salud que implica la ca\u00edda de ceniza.<\/p>\n\n\n\n<p>La propuesta de la diputada fue turnada a la Comisi\u00f3n de Protecci\u00f3n Civil para su estudio y resoluci\u00f3n procedente.<\/p>\n\n\n\n<p>Finalmente, fueron turnadas las iniciativas de las diputadas Aurora Sierra Rodr\u00edguez para adicionar los art\u00edculos 56 Bis y 56 Ter a la Ley Estatal de Salud, y Guadalupe Leal Rodr\u00edguez para reformar el art\u00edculo 124 y la fracci\u00f3n II del art\u00edculo 125 de la Ley para la Protecci\u00f3n del Ambiente Natural y el Desarrollo Sustentable; las propuestas fueron turnadas a la Comisi\u00f3n de Salud y a la Comisi\u00f3n de Medio Ambiente, Recursos Naturales y Cambio Clim\u00e1tico, respectivamente.<\/p>\n","protected":false},"excerpt":{"rendered":"<p>En sesi\u00f3n de la Comisi\u00f3n Permanente se aprob\u00f3 un punto de acuerdo mediante el cual se exhorta al Servicio de Administraci\u00f3n Tributaria (SAT) para que, en la medida de su capacidad presupuestaria, proporcione los servicios para el tr\u00e1mite de la firma electr\u00f3nica, as\u00ed como para realizar aclaraciones sobre requerimientos, multas y de recargos fiscales, en [&hellip;]<\/p>\n","protected":false},"author":4,"featured_media":25610,"comment_status":"open","ping_status":"open","sticky":false,"template":"","format":"standard","meta":{"om_disable_all_campaigns":false,"_monsterinsights_skip_tracking":false,"_monsterinsights_sitenote_active":false,"_monsterinsights_sitenote_note":"","_monsterinsights_sitenote_category":0,"footnotes":""},"categories":[175],"tags":[227,223],"class_list":["post-25609","post","type-post","status-publish","format-standard","has-post-thumbnail","hentry","category-local","tag-congreso","tag-puebla"],"amp_enabled":true,"_links":{"self":[{"href":"https:\/\/lahora.mx\/index.php\/wp-json\/wp\/v2\/posts\/25609","targetHints":{"allow":["GET"]}}],"collection":[{"href":"https:\/\/lahora.mx\/index.php\/wp-json\/wp\/v2\/posts"}],"about":[{"href":"https:\/\/lahora.mx\/index.php\/wp-json\/wp\/v2\/types\/post"}],"author":[{"embeddable":true,"href":"https:\/\/lahora.mx\/index.php\/wp-json\/wp\/v2\/users\/4"}],"replies":[{"embeddable":true,"href":"https:\/\/lahora.mx\/index.php\/wp-json\/wp\/v2\/comments?post=25609"}],"version-history":[{"count":1,"href":"https:\/\/lahora.mx\/index.php\/wp-json\/wp\/v2\/posts\/25609\/revisions"}],"predecessor-version":[{"id":25611,"href":"https:\/\/lahora.mx\/index.php\/wp-json\/wp\/v2\/posts\/25609\/revisions\/25611"}],"wp:featuredmedia":[{"embeddable":true,"href":"https:\/\/lahora.mx\/index.php\/wp-json\/wp\/v2\/media\/25610"}],"wp:attachment":[{"href":"https:\/\/lahora.mx\/index.php\/wp-json\/wp\/v2\/media?parent=25609"}],"wp:term":[{"taxonomy":"category","embeddable":true,"href":"https:\/\/lahora.mx\/index.php\/wp-json\/wp\/v2\/categories?post=25609"},{"taxonomy":"post_tag","embeddable":true,"href":"https:\/\/lahora.mx\/index.php\/wp-json\/wp\/v2\/tags?post=25609"}],"curies":[{"name":"wp","href":"https:\/\/api.w.org\/{rel}","templated":true}]}}