{"id":25606,"date":"2023-04-28T02:25:58","date_gmt":"2023-04-28T02:25:58","guid":{"rendered":"http:\/\/lahora.mx\/?p=25606"},"modified":"2023-04-28T02:25:58","modified_gmt":"2023-04-28T02:25:58","slug":"dos-detenidos-por-la-policia-municipal-de-puebla-por-el-robo-a-una-academia-de-baile-de-san-baltazar-campeche","status":"publish","type":"post","link":"https:\/\/lahora.mx\/index.php\/2023\/04\/28\/dos-detenidos-por-la-policia-municipal-de-puebla-por-el-robo-a-una-academia-de-baile-de-san-baltazar-campeche\/","title":{"rendered":"Dos detenidos por la polic\u00eda municipal de Puebla por el robo a una academia de baile de San Baltazar campeche"},"content":{"rendered":"\n<p>La Secretar\u00eda de Seguridad Ciudadana (SSC) del Municipio de Puebla, detuvo en la Junta Auxiliar San Baltazar Campeche a Marcos \u201cN.\u201d de 42 a\u00f1os de edad y Sa\u00fal \u201cN.\u201d de 31 a\u00f1os de edad, por su participaci\u00f3n en el delito de robo a negocio.<\/p>\n\n\n\n<p>A trav\u00e9s de la Direcci\u00f3n de Emergencias y Respuesta Inmediata (DERI), las Fuerzas Municipales fueron alertados sobre un robo a una academia de baile en inmediaciones del bulevar M\u00e1rtires del 2 de octubre, por lo que se aproximaron al lugar.<\/p>\n\n\n\n<p>Al lugar acudieron elementos del Grupo Centinelas, quienes se entrevistaron con dos ciudadanos mismos que se\u00f1alaron a dos hombres como los responsables de ingresar al establecimiento para desapoderar de sus pertenencias a las y los clientes del lugar.<\/p>\n\n\n\n<p>En esta acci\u00f3n, los oficiales recuperaron aproximadamente 700 pesos en efectivo, cinco equipos de telefon\u00eda m\u00f3vil. Adem\u00e1s, se asegur\u00f3 un arma de fuego, as\u00ed como un objeto de pl\u00e1stico tipo pistola presuntamente utilizadas para cometer el il\u00edcito.<\/p>\n\n\n\n<p>Marcos \u201cN.\u201d y Sa\u00fal \u201cN.\u201d, quedaron a disposici\u00f3n del agente del Ministerio P\u00fablico, para las investigaciones correspondientes.<\/p>\n\n\n\n<p>La Polic\u00eda Municipal de Puebla exhorta a la ciudadan\u00eda a que, en caso de reconocer a dichas personas como responsables de otras conductas delictivas, formalice su denuncia ante la Fiscal\u00eda General del Estado (FGE).<\/p>\n","protected":false},"excerpt":{"rendered":"<p>La Secretar\u00eda de Seguridad Ciudadana (SSC) del Municipio de Puebla, detuvo en la Junta Auxiliar San Baltazar Campeche a Marcos \u201cN.\u201d de 42 a\u00f1os de edad y Sa\u00fal \u201cN.\u201d de 31 a\u00f1os de edad, por su participaci\u00f3n en el delito de robo a negocio. A trav\u00e9s de la Direcci\u00f3n de Emergencias y Respuesta Inmediata (DERI), [&hellip;]<\/p>\n","protected":false},"author":4,"featured_media":25607,"comment_status":"open","ping_status":"open","sticky":false,"template":"","format":"standard","meta":{"om_disable_all_campaigns":false,"_monsterinsights_skip_tracking":false,"_monsterinsights_sitenote_active":false,"_monsterinsights_sitenote_note":"","_monsterinsights_sitenote_category":0,"footnotes":""},"categories":[175,226],"tags":[223],"class_list":["post-25606","post","type-post","status-publish","format-standard","has-post-thumbnail","hentry","category-local","category-policia","tag-puebla"],"amp_enabled":true,"_links":{"self":[{"href":"https:\/\/lahora.mx\/index.php\/wp-json\/wp\/v2\/posts\/25606","targetHints":{"allow":["GET"]}}],"collection":[{"href":"https:\/\/lahora.mx\/index.php\/wp-json\/wp\/v2\/posts"}],"about":[{"href":"https:\/\/lahora.mx\/index.php\/wp-json\/wp\/v2\/types\/post"}],"author":[{"embeddable":true,"href":"https:\/\/lahora.mx\/index.php\/wp-json\/wp\/v2\/users\/4"}],"replies":[{"embeddable":true,"href":"https:\/\/lahora.mx\/index.php\/wp-json\/wp\/v2\/comments?post=25606"}],"version-history":[{"count":1,"href":"https:\/\/lahora.mx\/index.php\/wp-json\/wp\/v2\/posts\/25606\/revisions"}],"predecessor-version":[{"id":25608,"href":"https:\/\/lahora.mx\/index.php\/wp-json\/wp\/v2\/posts\/25606\/revisions\/25608"}],"wp:featuredmedia":[{"embeddable":true,"href":"https:\/\/lahora.mx\/index.php\/wp-json\/wp\/v2\/media\/25607"}],"wp:attachment":[{"href":"https:\/\/lahora.mx\/index.php\/wp-json\/wp\/v2\/media?parent=25606"}],"wp:term":[{"taxonomy":"category","embeddable":true,"href":"https:\/\/lahora.mx\/index.php\/wp-json\/wp\/v2\/categories?post=25606"},{"taxonomy":"post_tag","embeddable":true,"href":"https:\/\/lahora.mx\/index.php\/wp-json\/wp\/v2\/tags?post=25606"}],"curies":[{"name":"wp","href":"https:\/\/api.w.org\/{rel}","templated":true}]}}