{"id":25594,"date":"2023-04-28T01:00:10","date_gmt":"2023-04-28T01:00:10","guid":{"rendered":"http:\/\/lahora.mx\/?p=25594"},"modified":"2023-04-28T01:00:10","modified_gmt":"2023-04-28T01:00:10","slug":"hallan-cadaver-de-un-bebe-sobre-la-mexico-puebla","status":"publish","type":"post","link":"https:\/\/lahora.mx\/index.php\/2023\/04\/28\/hallan-cadaver-de-un-bebe-sobre-la-mexico-puebla\/","title":{"rendered":"Hallan cad\u00e1ver de un beb\u00e9 sobre la M\u00e9xico-Puebla"},"content":{"rendered":"\n<p>La tarde de \u00e9ste jueves, fue hallado el cuerpo sin vida de un beb\u00e9 en un paraje ubicado sobre la autopista M\u00e9xico-Puebla a la altura del municipio de Coronango.<\/p>\n\n\n\n<p>Dicha situaci\u00f3n moviliz\u00f3 a los cuerpos de emergencia y elementos de la polic\u00eda municipal, quienes acordonaron la zona para poder sacar el cuerpo del peque\u00f1o.<\/p>\n\n\n\n<p>Finalmente, al lugar arribaron agentes de la Fiscal\u00eda General del Estado (FGE), quienes realizaron las diligencias correspondientes al levantamiento del cad\u00e1ver.<\/p>\n\n\n\n<p>Asimismo, comenzaron con las averiguaciones correspondientes tras el lamentable hallazgo.<\/p>\n","protected":false},"excerpt":{"rendered":"<p>La tarde de \u00e9ste jueves, fue hallado el cuerpo sin vida de un beb\u00e9 en un paraje ubicado sobre la autopista M\u00e9xico-Puebla a la altura del municipio de Coronango. Dicha situaci\u00f3n moviliz\u00f3 a los cuerpos de emergencia y elementos de la polic\u00eda municipal, quienes acordonaron la zona para poder sacar el cuerpo del peque\u00f1o. Finalmente, [&hellip;]<\/p>\n","protected":false},"author":4,"featured_media":25595,"comment_status":"open","ping_status":"open","sticky":false,"template":"","format":"standard","meta":{"om_disable_all_campaigns":false,"_monsterinsights_skip_tracking":false,"_monsterinsights_sitenote_active":false,"_monsterinsights_sitenote_note":"","_monsterinsights_sitenote_category":0,"footnotes":""},"categories":[175,226],"tags":[223],"class_list":["post-25594","post","type-post","status-publish","format-standard","has-post-thumbnail","hentry","category-local","category-policia","tag-puebla"],"amp_enabled":true,"_links":{"self":[{"href":"https:\/\/lahora.mx\/index.php\/wp-json\/wp\/v2\/posts\/25594","targetHints":{"allow":["GET"]}}],"collection":[{"href":"https:\/\/lahora.mx\/index.php\/wp-json\/wp\/v2\/posts"}],"about":[{"href":"https:\/\/lahora.mx\/index.php\/wp-json\/wp\/v2\/types\/post"}],"author":[{"embeddable":true,"href":"https:\/\/lahora.mx\/index.php\/wp-json\/wp\/v2\/users\/4"}],"replies":[{"embeddable":true,"href":"https:\/\/lahora.mx\/index.php\/wp-json\/wp\/v2\/comments?post=25594"}],"version-history":[{"count":1,"href":"https:\/\/lahora.mx\/index.php\/wp-json\/wp\/v2\/posts\/25594\/revisions"}],"predecessor-version":[{"id":25596,"href":"https:\/\/lahora.mx\/index.php\/wp-json\/wp\/v2\/posts\/25594\/revisions\/25596"}],"wp:featuredmedia":[{"embeddable":true,"href":"https:\/\/lahora.mx\/index.php\/wp-json\/wp\/v2\/media\/25595"}],"wp:attachment":[{"href":"https:\/\/lahora.mx\/index.php\/wp-json\/wp\/v2\/media?parent=25594"}],"wp:term":[{"taxonomy":"category","embeddable":true,"href":"https:\/\/lahora.mx\/index.php\/wp-json\/wp\/v2\/categories?post=25594"},{"taxonomy":"post_tag","embeddable":true,"href":"https:\/\/lahora.mx\/index.php\/wp-json\/wp\/v2\/tags?post=25594"}],"curies":[{"name":"wp","href":"https:\/\/api.w.org\/{rel}","templated":true}]}}