{"id":25540,"date":"2023-04-26T18:25:38","date_gmt":"2023-04-26T18:25:38","guid":{"rendered":"http:\/\/lahora.mx\/?p=25540"},"modified":"2023-04-27T18:26:58","modified_gmt":"2023-04-27T18:26:58","slug":"lopez-obrador-reaparece-tras-tercer-contagio-de-covid","status":"publish","type":"post","link":"https:\/\/lahora.mx\/index.php\/2023\/04\/26\/lopez-obrador-reaparece-tras-tercer-contagio-de-covid\/","title":{"rendered":"L\u00f3pez Obrador reaparece tras tercer contagio de covid"},"content":{"rendered":"\n<p>El presidente Andr\u00e9s Manuel L\u00f3pez Obrador reapareci\u00f3 en redes sociales a cuatro d\u00edas del anuncio de su contagio por covid-19, el cual fue informado el domingo 23 de abril.<\/p>\n\n\n\n<p>En un video difundido en redes sociales, L\u00f3pez Obrador detall\u00f3 que el contagio se le complic\u00f3 debido a la gira que emprendi\u00f3 y que incluy\u00f3 cambiar de estados y de clima.<\/p>\n\n\n\n<p>\u201cMe fui a una gira muy intensa que inici\u00e9 en Veracruz, hubo cambio de clima, fui despu\u00e9s a Quintana Roo, estuve en Chetumal, estuve en Quintana Roo y estuve en M\u00e9rida y ah\u00ed me hizo crisis porque se me baj\u00f3 de pronto la presi\u00f3n\u201d, explic\u00f3.<br>El mandatario detall\u00f3 que durante una reuni\u00f3n con ingenieros militares y funcionarios para evaluar la obra del Tren Maya en M\u00e9rida le dio \u201cel vaguido\u201d y se qued\u00f3 \u201cdormido\u201d por lo que m\u00e9dicos llegaron a atenderlo, pero no perdi\u00f3 el conocimiento.<\/p>\n\n\n\n<p>L\u00f3pez Obrador detall\u00f3 que tuvo un \u201cdesmayo transitorio\u201d, y que, aunque el titular de la Defensa autoriz\u00f3 que lo trasladaran a un hospital, \u00e9l \u201ccharole\u00f3\u201d e impuso su rango de comandante supremo y pidi\u00f3 que lo atendieran ah\u00ed<\/p>\n\n\n\n<p>\u201cLes dije \u00e9l es el general secretario, pero yo soy el comandante supremo y no me van a llevar a ning\u00fan lado, en este sill\u00f3n me van a atender\u201d, pidi\u00f3 el presidente, quien recibi\u00f3 la atenci\u00f3n m\u00e9dica en ese mismo despacho.<br>Tras estabilizarlo, L\u00f3pez Obrador fue trasladado en una ambulancia a\u00e9rea a la Ciudad de M\u00e9xico, donde escribi\u00f3 el tuit en el que informaba de su contagio.<\/p>\n\n\n\n<p>El presidente L\u00f3pez Obrador lament\u00f3 los rumores sobre su estado de salud los cuales son impulsados por sus \u201cadversarios\u201d a quienes les advirti\u00f3 que \u201cel muerto que t\u00fa mat\u00e1is, goza de cabal salud\u201d.<\/p>\n\n\n\n<p>Adem\u00e1s desminti\u00f3 que hubiera m\u00e9dicos especialistas en Palacio Nacional o que le hubiera dado un derrame y afirm\u00f3 que durante su aislamiento ha estado trabajando en sus discursos para el 1 de Mayo por el d\u00eda del trabajo y el 5 de Mayo por la Batalla de Puebla.<\/p>\n\n\n\n<p>El presidente inform\u00f3 este domingo 23 de abril que se contagi\u00f3 de covid por tercera ocasi\u00f3n, por lo que tuvo que suspender su gira para supervisar las obras del Tren Maya.<\/p>\n\n\n\n<p>El mandatario vol\u00f3 de regreso a la Ciudad de M\u00e9xico para mantenerse aislado y mediante su cuenta de Twitter felicit\u00f3 a su hijo, Jes\u00fas Ernesto, quien cumpl\u00eda 16 a\u00f1os este domingo.<\/p>\n\n\n\n<p>L\u00f3pez Obrador afirm\u00f3 que el pueblo de M\u00e9xico no debe preocuparse porque no es algo grave y su coraz\u00f3n se encuentra al 100 por ciento.<\/p>\n\n\n\n<p>Tambi\u00e9n detall\u00f3 que desde lejos festejar\u00eda el cumplea\u00f1os 16 de su hijo Jes\u00fas Ernesto y que el titular de la Secretar\u00eda de Gobernaci\u00f3n, Ad\u00e1n Augusto L\u00f3pez estar\u00eda a cargo de la conferencia ma\u00f1anera.<\/p>\n\n\n\n<p>\u201cNi modo, amigas y amigos: sal\u00ed positivo a covid-19. No es grave. Mi coraz\u00f3n est\u00e1 al 100 y como tuve que suspender la gira, estoy en la Ciudad de M\u00e9xico y de lejitos festejo los 16 a\u00f1os de Jes\u00fas Ernesto. Me guardar\u00e9 unos d\u00edas. Ad\u00e1n Augusto L\u00f3pez encabezar\u00e1 las ma\u00f1aneras. Nos vemos pronto\u201d, escribi\u00f3 el presidente para informar sobre su situaci\u00f3n m\u00e9dica.<\/p>\n\n\n\n<p>El 24 de enero de 2021, Andr\u00e9s Manuel L\u00f3pez Obrador anunci\u00f3 su primer contagio de covid-19 y detall\u00f3 que ten\u00eda s\u00edntomas moderados.<\/p>\n\n\n\n<p>\u201cLamento informarles que estoy contagiado de covid-19. Los s\u00edntomas son leves pero ya estoy en tratamiento m\u00e9dico. Como siempre, soy optimista. Saldremos adelante todos\u201d, escribi\u00f3 en aquella ocasi\u00f3n.<\/p>\n\n\n\n<p>Desde el momento en dar positivo a covid, el presidente L\u00f3pez Obrador permaneci\u00f3 aislado en su casa y estuvo bajo supervisi\u00f3n de un equipo m\u00e9dico.<\/p>\n\n\n\n<p>El 10 de enero de 2022 el presidente L\u00f3pez Obrador inform\u00f3 que dio positivo a covid-19 por segunda vez. En aquella ocasi\u00f3n, el mandatario utiliz\u00f3 sus redes sociales para informar al pueblo de M\u00e9xico sobre su salud.<\/p>\n\n\n\n<p>\u201cInformo a ustedes que estoy contagiado de #COVID19 y aunque los s\u00edntomas son leves, permanecer\u00e9 en aislamiento y solo realizar\u00e9 trabajo de oficina y me comunicar\u00e9 de manera virtual hasta salir adelante\u201d, escribi\u00f3 en sus redes sociales la tarde del 10 de enero del 2022.<\/p>\n","protected":false},"excerpt":{"rendered":"<p>El presidente Andr\u00e9s Manuel L\u00f3pez Obrador reapareci\u00f3 en redes sociales a cuatro d\u00edas del anuncio de su contagio por covid-19, el cual fue informado el domingo 23 de abril. En un video difundido en redes sociales, L\u00f3pez Obrador detall\u00f3 que el contagio se le complic\u00f3 debido a la gira que emprendi\u00f3 y que incluy\u00f3 cambiar [&hellip;]<\/p>\n","protected":false},"author":4,"featured_media":25541,"comment_status":"open","ping_status":"open","sticky":false,"template":"","format":"standard","meta":{"om_disable_all_campaigns":false,"_monsterinsights_skip_tracking":false,"_monsterinsights_sitenote_active":false,"_monsterinsights_sitenote_note":"","_monsterinsights_sitenote_category":0,"footnotes":""},"categories":[176],"tags":[],"class_list":["post-25540","post","type-post","status-publish","format-standard","has-post-thumbnail","hentry","category-nacional"],"amp_enabled":true,"_links":{"self":[{"href":"https:\/\/lahora.mx\/index.php\/wp-json\/wp\/v2\/posts\/25540","targetHints":{"allow":["GET"]}}],"collection":[{"href":"https:\/\/lahora.mx\/index.php\/wp-json\/wp\/v2\/posts"}],"about":[{"href":"https:\/\/lahora.mx\/index.php\/wp-json\/wp\/v2\/types\/post"}],"author":[{"embeddable":true,"href":"https:\/\/lahora.mx\/index.php\/wp-json\/wp\/v2\/users\/4"}],"replies":[{"embeddable":true,"href":"https:\/\/lahora.mx\/index.php\/wp-json\/wp\/v2\/comments?post=25540"}],"version-history":[{"count":1,"href":"https:\/\/lahora.mx\/index.php\/wp-json\/wp\/v2\/posts\/25540\/revisions"}],"predecessor-version":[{"id":25542,"href":"https:\/\/lahora.mx\/index.php\/wp-json\/wp\/v2\/posts\/25540\/revisions\/25542"}],"wp:featuredmedia":[{"embeddable":true,"href":"https:\/\/lahora.mx\/index.php\/wp-json\/wp\/v2\/media\/25541"}],"wp:attachment":[{"href":"https:\/\/lahora.mx\/index.php\/wp-json\/wp\/v2\/media?parent=25540"}],"wp:term":[{"taxonomy":"category","embeddable":true,"href":"https:\/\/lahora.mx\/index.php\/wp-json\/wp\/v2\/categories?post=25540"},{"taxonomy":"post_tag","embeddable":true,"href":"https:\/\/lahora.mx\/index.php\/wp-json\/wp\/v2\/tags?post=25540"}],"curies":[{"name":"wp","href":"https:\/\/api.w.org\/{rel}","templated":true}]}}