{"id":25537,"date":"2023-04-27T18:20:59","date_gmt":"2023-04-27T18:20:59","guid":{"rendered":"http:\/\/lahora.mx\/?p=25537"},"modified":"2023-04-27T18:20:59","modified_gmt":"2023-04-27T18:20:59","slug":"amlo-confirma-visita-a-puebla-por-5-de-mayo","status":"publish","type":"post","link":"https:\/\/lahora.mx\/index.php\/2023\/04\/27\/amlo-confirma-visita-a-puebla-por-5-de-mayo\/","title":{"rendered":"AMLO confirma visita a Puebla por 5 de mayo"},"content":{"rendered":"\n<p>Luego de asegurar que su estado de salud es bueno, el presidente confirm\u00f3 su presencia el pr\u00f3ximo viernes 5 de mayo en el estado de Puebla, donde acompa\u00f1ar\u00e1 al gobernador Sergio Salom\u00f3n C\u00e9spedes Peregrina en el tradicional desfile c\u00edvico-militar, evento para el que asegur\u00f3 ya escribi\u00f3 un discurso.<\/p>\n","protected":false},"excerpt":{"rendered":"<p>Luego de asegurar que su estado de salud es bueno, el presidente confirm\u00f3 su presencia el pr\u00f3ximo viernes 5 de mayo en el estado de Puebla, donde acompa\u00f1ar\u00e1 al gobernador Sergio Salom\u00f3n C\u00e9spedes Peregrina en el tradicional desfile c\u00edvico-militar, evento para el que asegur\u00f3 ya escribi\u00f3 un discurso.<\/p>\n","protected":false},"author":4,"featured_media":25538,"comment_status":"open","ping_status":"open","sticky":false,"template":"","format":"standard","meta":{"om_disable_all_campaigns":false,"_monsterinsights_skip_tracking":false,"_monsterinsights_sitenote_active":false,"_monsterinsights_sitenote_note":"","_monsterinsights_sitenote_category":0,"footnotes":""},"categories":[175],"tags":[195,223],"class_list":["post-25537","post","type-post","status-publish","format-standard","has-post-thumbnail","hentry","category-local","tag-principal","tag-puebla"],"amp_enabled":true,"_links":{"self":[{"href":"https:\/\/lahora.mx\/index.php\/wp-json\/wp\/v2\/posts\/25537","targetHints":{"allow":["GET"]}}],"collection":[{"href":"https:\/\/lahora.mx\/index.php\/wp-json\/wp\/v2\/posts"}],"about":[{"href":"https:\/\/lahora.mx\/index.php\/wp-json\/wp\/v2\/types\/post"}],"author":[{"embeddable":true,"href":"https:\/\/lahora.mx\/index.php\/wp-json\/wp\/v2\/users\/4"}],"replies":[{"embeddable":true,"href":"https:\/\/lahora.mx\/index.php\/wp-json\/wp\/v2\/comments?post=25537"}],"version-history":[{"count":1,"href":"https:\/\/lahora.mx\/index.php\/wp-json\/wp\/v2\/posts\/25537\/revisions"}],"predecessor-version":[{"id":25539,"href":"https:\/\/lahora.mx\/index.php\/wp-json\/wp\/v2\/posts\/25537\/revisions\/25539"}],"wp:featuredmedia":[{"embeddable":true,"href":"https:\/\/lahora.mx\/index.php\/wp-json\/wp\/v2\/media\/25538"}],"wp:attachment":[{"href":"https:\/\/lahora.mx\/index.php\/wp-json\/wp\/v2\/media?parent=25537"}],"wp:term":[{"taxonomy":"category","embeddable":true,"href":"https:\/\/lahora.mx\/index.php\/wp-json\/wp\/v2\/categories?post=25537"},{"taxonomy":"post_tag","embeddable":true,"href":"https:\/\/lahora.mx\/index.php\/wp-json\/wp\/v2\/tags?post=25537"}],"curies":[{"name":"wp","href":"https:\/\/api.w.org\/{rel}","templated":true}]}}