{"id":25534,"date":"2023-04-27T18:10:41","date_gmt":"2023-04-27T18:10:41","guid":{"rendered":"http:\/\/lahora.mx\/?p=25534"},"modified":"2023-04-27T18:10:42","modified_gmt":"2023-04-27T18:10:42","slug":"conacyt-y-apoyo-para-el-campo-desaparecen-diputados-legislan-en-fast-track","status":"publish","type":"post","link":"https:\/\/lahora.mx\/index.php\/2023\/04\/27\/conacyt-y-apoyo-para-el-campo-desaparecen-diputados-legislan-en-fast-track\/","title":{"rendered":"Conacyt y apoyo para el campo desaparecen; diputados legislan en fast track"},"content":{"rendered":"\n<p>En una jornada de 24 horas, la 4T en la C\u00e1mara de Diputados desapareci\u00f3 el Consejo Nacional de Ciencia y Tecnolog\u00eda (Conacyt) y lo sustituy\u00f3 por el Consejo Nacional de Humanidades, Ciencias, Tecnolog\u00edas e Innovaci\u00f3n.<\/p>\n\n\n\n<p>La nueva ley prioriza a los investigadores de universidades p\u00fablicas para otorgar becas. Fue avalada con 257 votos a favor, 208 en contra y dos abstenciones pese al llamado de cient\u00edficos para no apresurarla. Se envi\u00f3 al Senado.<\/p>\n\n\n\n<p>Diputados de oposici\u00f3n criticaron que la reforma contempla la centralizaci\u00f3n y control de los proyectos de investigaci\u00f3n y promociona un adoctrinamiento de la ciencia.<\/p>\n\n\n\n<p>Aunque el nuevo organismo tendr\u00e1 autonom\u00eda t\u00e9cnica y de gesti\u00f3n, la reforma no obliga al gobierno a asignarle una inversi\u00f3n progresiva anual.<\/p>\n\n\n\n<p>En otro albazo, Morena y sus aliados extinguieron a la Financiera Nacional de Desarrollo Agropecuario, Rural, Forestal y Pesquero.<\/p>\n\n\n\n<p>El argumento fue que este organismo descentralizado no contribu\u00eda m\u00e1s al desarrollo del campo y se hab\u00eda convertido en un espacio de deuda y de \u201creciclaje del dinero p\u00fablico hacia el privado\u201d. El petista Benjam\u00edn Robles asegur\u00f3 que los beneficiarios de los cr\u00e9ditos devolv\u00edan \u201cnada o muy poco\u201d al Estado.<\/p>\n\n\n\n<p>La oposici\u00f3n critic\u00f3 que la propuesta haya salido adelante violentando el proceso legislativo.<\/p>\n\n\n\n<p>Aprobadas ayer:<\/p>\n\n\n\n<p>Que la SFP sea juez y parte en compras.<br>Destinar dinero del turismo a obras prioritarias.<br>Penas m\u00e1s severas contra los montadeudas v\u00eda app.<br>Congeladas:<\/p>\n\n\n\n<p>Bajar la jornada laboral de 48 a 40 horas semanales.<br>Reforma al 33 constitucional para que extranjeros puedan hablar de pol\u00edtica.<\/p>\n\n\n\n<p>Concretan la desaparici\u00f3n del Conacyt<\/p>\n\n\n\n<p>Lo sustituir\u00e1 el Consejo Nacional de Humanidades, Ciencias, Tecnolog\u00edas e Innovaci\u00f3n; dar\u00e1 prioridad a becas para los investigadores de universidades p\u00fablicas.<\/p>\n\n\n\n<p>Por Ximena Mej\u00eda<\/p>\n\n\n\n<p>El bloque oficialista de Morena, Partido del Trabajo y Verde Ecologista en la C\u00e1mara de Diputados aprob\u00f3 la eliminaci\u00f3n del Consejo Nacional de Ciencia y Tecnolog\u00eda (Conacyt) y crear en su lugar el nuevo Consejo Nacional de Humanidades, Ciencias, Tecnolog\u00edas e Innovaci\u00f3n (Conahcti).<\/p>\n\n\n\n<p>Con 257 votos a favor, 208 en contra y dos abstenciones, la mayor\u00eda parlamentaria en la C\u00e1mara baja se impuso, pese al llamado de miembros de la comunidad cient\u00edfica y de la oposici\u00f3n por no apresurar su discusi\u00f3n de la iniciativa del presidente Andr\u00e9s Manuel L\u00f3pez Obrador que desaparece al Conacyt.<\/p>\n\n\n\n<p>La ley aprobada, y que a\u00fan debe pasar por la ratificaci\u00f3n en el Senado, prev\u00e9 que en la asignaci\u00f3n de becas se priorizar\u00e1 a investigadores de universidades p\u00fablicas.<\/p>\n\n\n\n<p>Durante el debate de la jornada marat\u00f3nica de 24 horas, diputados del PAN, PRI, PRD y Movimiento Ciudadano criticaron que la reforma contempla la centralizaci\u00f3n y control de los proyectos de investigaci\u00f3n.<\/p>\n\n\n\n<p>La oposici\u00f3n en San L\u00e1zaro manifest\u00f3 que se atenta contra la libertad de investigaci\u00f3n y se promociona un adoctrinamiento de la ciencia por parte de Morena.<\/p>\n\n\n\n<p>El diputado del PAN, y exdirector del Conacyt, Juan Carlos Romero Hicks, acus\u00f3 a Morena y sus aliados de desperdiciar una oportunidad de consenso con la comunidad cient\u00edfica para generar una Ley de Ciencia que realmente impulsara la innovaci\u00f3n. Visualiz\u00f3 una serie de futuros litigios en la materia.<\/p>\n\n\n\n<p>\u201cUna ley que no tutela la innovaci\u00f3n, la propiedad intelectual, los centros p\u00fablicos, no puede ser el proyecto al que estamos esperando\u201d, expres\u00f3.<\/p>\n\n\n\n<p>La diputada por el PRI, Cynthia L\u00f3pez Castro, acus\u00f3 al bloque mayoritario de aprobar una Ley que viola la libertad de investigaci\u00f3n.<\/p>\n\n\n\n<p>\u201cEs vergonzoso que lo \u00fanico que ped\u00eda la comunidad cient\u00edfica es que se le dieran el 1% del presupuesto y ni eso pudieron darle\u201d, se\u00f1al\u00f3 la legisladora a tribuna.<\/p>\n\n\n\n<p>Su compa\u00f1ero de bancada, Brasil Acosta Pe\u00f1a hizo un llamado a la comunidad cient\u00edfica a hacer un frente a favor de la ciencia, luego de que se acusara por parte de la oposici\u00f3n de que el proyecto no pas\u00f3 por el debido proceso.<\/p>\n\n\n\n<p>La diputada del PRD, Olga Luz Espinosa, se\u00f1al\u00f3 a la directora del Conacyt, Mar\u00eda Elena \u00c1lvarez Buylla, promotora de la ley, de impulsar el conflicto de intereses al integrar al sistema nacional de investigadores a su mam\u00e1 y al fiscal general de la Rep\u00fablica, Alejandro Gertz Manero.<\/p>\n\n\n\n<p>En favor del dictamen, la diputada del PT, Ana Karina Rojo Pimentel, asegur\u00f3 que el dictamen destaca que el dictamen reivindica el car\u00e1cter humanista y el quehacer cient\u00edfico y tecnol\u00f3gico.<\/p>\n\n\n\n<p>Contrario a la queja de la comunidad cient\u00edfica, la petista dijo que se escuch\u00f3 a las minor\u00edas argumentando que hubo 276 modificaciones, incluso, asegur\u00f3 que tuvo el consenso de la comunidad. Minimiz\u00f3 la postura en contra de la oposici\u00f3n y advirti\u00f3 que, como grupo mayoritario har\u00e1n uso de sus votos.<\/p>\n\n\n\n<p>El director del nuevo organismo ser\u00eda designado por el titular del Ejecutivo y los recursos destinados al fomento de actividades en la materia se entregar\u00e1n sin intermediarios.<\/p>\n\n\n\n<p>Diputados ponen fin a la Financiera Rural<\/p>\n\n\n\n<p>Argumentan Morena y aliados que el organismo ya no contribu\u00eda m\u00e1s al desarrollo del campo y adem\u00e1s tiene una elevada cartera vencida de cr\u00e9ditos.<\/p>\n\n\n\n<p>Por Ivonne Melgar<\/p>\n\n\n\n<p>La mayor\u00eda de Morena y sus aliados concretaron la ma\u00f1ana de este mi\u00e9rcoles la iniciativa presidencial que extingue la Financiera Nacional de Desarrollo Agropecuario, Rural, Forestal y Pesquero, abrogando su Ley Org\u00e1nica.<\/p>\n\n\n\n<p>El dictamen, enviado a los senadores para continuar con el proceso legislativo, fue aprobado con 254 votos de representantes de Morena, PT y PVEM, mientras la oposici\u00f3n sum\u00f3 209 en contra.<\/p>\n\n\n\n<p>El argumento de la mayor\u00eda es que el este organismo descentralizado no contribu\u00eda m\u00e1s al desarrollo del campo y se hab\u00eda convertido en un espacio de deuda y de \u201creciclaje del dinero p\u00fablico hacia el privado\u201d, de acuerdo con las palabras del diputado Benjam\u00edn Robles Montoya (PT).<\/p>\n\n\n\n<p>Seg\u00fan el legislador petista, los beneficiarios de los cr\u00e9ditos devolv\u00edan \u201cnada o muy poco\u201d al Estado.<\/p>\n\n\n\n<p>Ejemplific\u00f3 Robles Montoya que \u201c10 de sus clientes concentran el 50 por ciento del total de la cartera vencida\u201d. Y que, en el 2021, \u201ccolocaron un total de 48 mil millones de pesos, de los cuales 21 mil 500 se los pasaron a los intermediarios \u00a1Vaya negocio!\u201d.<\/p>\n\n\n\n<p>Por Morena, la diputada Paola Tenorio Adame sostuvo que la Financiera presenta un grave desequilibrio financiero y una cartera vencida de 8 mil 454 millones de pesos, porque en su administraci\u00f3n falt\u00f3 eficiencia, eficacia, transparencia y honradez, por lo que su extinci\u00f3n resultaba necesaria. \u201cLos cr\u00e9ditos no eran para impulsar el desarrollo agrario, sino para el compadre, el amigo y el aliado, a cambio de una cuota\u201d, resumi\u00f3.<\/p>\n\n\n\n<p>Elaborado por las comisiones unidas de Hacienda y Cr\u00e9dito P\u00fablico, y de Desarrollo y Conservaci\u00f3n Rural, y de Ganader\u00eda, el dictamen experiment\u00f3 s\u00f3lo un cambio, a propuesta del jefe de la mayor\u00eda de Morena, Ignacio Mier Velazco, para que se aclarara que las personas trabajadoras jubiladas y pensionadas del Sistema Rural continuar\u00e1n a cargo del Fondo de Pensiones del Sistema Banrural, operado por el Instituto para Devolver al Pueblo lo Robado y no afectar\u00e1n los derechos adquiridos por la entrada en vigor del presente decreto.<\/p>\n\n\n\n<p>La extinci\u00f3n y liquidaci\u00f3n quedar\u00e1 a cargo de la Secretar\u00eda de Hacienda y Cr\u00e9dito P\u00fablico y habr\u00e1 de realizarse en un plazo de 180 d\u00edas, una vez que entre en vigor el decreto.<\/p>\n\n\n\n<p>Se precisa que ese proceso estar\u00e1 a cargo del Instituto para Devolver al Pueblo lo Robado, el cual tendr\u00e1 amplias facultades para actos de administraci\u00f3n, dominio, pleitos y cobranzas; adem\u00e1s, suscribir u otorgar t\u00edtulos de cr\u00e9dito, y realizar cualquier acci\u00f3n que coadyuve a una eficiente liquidaci\u00f3n.<\/p>\n\n\n\n<p>En representaci\u00f3n del PAN, el diputado Salvador Alc\u00e1ntar Ortega critic\u00f3 la falta de cobranza anual que se dio en el actual sexenio, porque mientras en 2017 era del 95.9% 2021 fue de 89.3%.<\/p>\n\n\n\n<p>Por su parte, el diputado del PRI y ex dirigente del sector campesino de ese partido, Augusto G\u00f3mez Villanueva, pregunt\u00f3: \u201c\u00bfQui\u00e9n es el responsable de que la Financiera se encuentre en la situaci\u00f3n actual?\u201d. Y reiter\u00f3 su advertencia de que esta desaparici\u00f3n pondr\u00e1 \u201ca los campesinos en manos de los traficantes de drogas\u201d.<\/p>\n","protected":false},"excerpt":{"rendered":"<p>En una jornada de 24 horas, la 4T en la C\u00e1mara de Diputados desapareci\u00f3 el Consejo Nacional de Ciencia y Tecnolog\u00eda (Conacyt) y lo sustituy\u00f3 por el Consejo Nacional de Humanidades, Ciencias, Tecnolog\u00edas e Innovaci\u00f3n. La nueva ley prioriza a los investigadores de universidades p\u00fablicas para otorgar becas. Fue avalada con 257 votos a favor, [&hellip;]<\/p>\n","protected":false},"author":4,"featured_media":25535,"comment_status":"open","ping_status":"open","sticky":false,"template":"","format":"standard","meta":{"om_disable_all_campaigns":false,"_monsterinsights_skip_tracking":false,"_monsterinsights_sitenote_active":false,"_monsterinsights_sitenote_note":"","_monsterinsights_sitenote_category":0,"footnotes":""},"categories":[176],"tags":[195],"class_list":["post-25534","post","type-post","status-publish","format-standard","has-post-thumbnail","hentry","category-nacional","tag-principal"],"amp_enabled":true,"_links":{"self":[{"href":"https:\/\/lahora.mx\/index.php\/wp-json\/wp\/v2\/posts\/25534","targetHints":{"allow":["GET"]}}],"collection":[{"href":"https:\/\/lahora.mx\/index.php\/wp-json\/wp\/v2\/posts"}],"about":[{"href":"https:\/\/lahora.mx\/index.php\/wp-json\/wp\/v2\/types\/post"}],"author":[{"embeddable":true,"href":"https:\/\/lahora.mx\/index.php\/wp-json\/wp\/v2\/users\/4"}],"replies":[{"embeddable":true,"href":"https:\/\/lahora.mx\/index.php\/wp-json\/wp\/v2\/comments?post=25534"}],"version-history":[{"count":1,"href":"https:\/\/lahora.mx\/index.php\/wp-json\/wp\/v2\/posts\/25534\/revisions"}],"predecessor-version":[{"id":25536,"href":"https:\/\/lahora.mx\/index.php\/wp-json\/wp\/v2\/posts\/25534\/revisions\/25536"}],"wp:featuredmedia":[{"embeddable":true,"href":"https:\/\/lahora.mx\/index.php\/wp-json\/wp\/v2\/media\/25535"}],"wp:attachment":[{"href":"https:\/\/lahora.mx\/index.php\/wp-json\/wp\/v2\/media?parent=25534"}],"wp:term":[{"taxonomy":"category","embeddable":true,"href":"https:\/\/lahora.mx\/index.php\/wp-json\/wp\/v2\/categories?post=25534"},{"taxonomy":"post_tag","embeddable":true,"href":"https:\/\/lahora.mx\/index.php\/wp-json\/wp\/v2\/tags?post=25534"}],"curies":[{"name":"wp","href":"https:\/\/api.w.org\/{rel}","templated":true}]}}