{"id":25531,"date":"2023-04-27T18:05:54","date_gmt":"2023-04-27T18:05:54","guid":{"rendered":"http:\/\/lahora.mx\/?p=25531"},"modified":"2023-04-27T18:05:55","modified_gmt":"2023-04-27T18:05:55","slug":"nuevas-imagenes-del-incendio-en-inm-de-ciudad-juarez-que-dejo-40-muertos-son-difundidas","status":"publish","type":"post","link":"https:\/\/lahora.mx\/index.php\/2023\/04\/27\/nuevas-imagenes-del-incendio-en-inm-de-ciudad-juarez-que-dejo-40-muertos-son-difundidas\/","title":{"rendered":"Nuevas im\u00e1genes del incendio en INM de Ciudad Ju\u00e1rez que dej\u00f3 40 muertos son difundidas"},"content":{"rendered":"\n<p>A un mes del incendio que cobr\u00f3 la vida de 40 migrantes, se dio a conocer una nueva grabaci\u00f3n de 16 minutos que capta los momentos previos al siniestro, y en el que muestra que ni agentes migratorios ni guardias hicieron algo para apagar el fuego que consumi\u00f3 la estaci\u00f3n del Instituto Nacional de Migraci\u00f3n (INM) en Ciudad Ju\u00e1rez, Chihuahua.<\/p>\n\n\n\n<p>En las im\u00e1genes difundidas por Foro TV, primero se observa como ingresan por un pasillo 24 migrantes esposados custodiados por agentes de migraci\u00f3n.<\/p>\n\n\n\n<p>En otra imagen se observa la instancia de hombres, donde se encuentran decenas de migrantes y colchonetas en el piso.<br>Abrir un vino con el sacacorchos es el peor error que puedes cometer. \u00bfLa raz\u00f3n? Sorprendente<br>Consejos y Recomendaciones<br>Una inversi\u00f3n en Bimbo podr\u00eda darte un salario extra<br>CPX<br>En otras im\u00e1genes se capta a al menos 8 agentes de migraci\u00f3n afuera del m\u00f3dulo de hombres, momentos despu\u00e9s dos hombres ingresan a la celda y otros dos salen.<\/p>\n\n\n\n<p>Tambi\u00e9n se ve a los migrantes formados en espera de agua y alimentos. M\u00e1s tarde se ve que los migrantes inician con las protestas y se acercan a la puerta. En esos momentos, solo estaban bajo la vigilancia de un guarda de seguridad que se encuentra sentado en una silla y solo se observa que no hace nada.<\/p>\n\n\n\n<p>Tras varios minutos, los migrantes comienzan a colocar las colchonetas para tapar la instancia y el guardia no hace nada para impedirlo.<\/p>\n\n\n\n<p>Protesta sale de control e inicia el incendio en celda del INM<br>Ante la protesta, la situaci\u00f3n empieza a salirse de control y el guardia de seguridad pide apoyo del personal de migraci\u00f3n. Uno de los agentes de migraci\u00f3n brinca sobre el escritorio y empieza a hablar con los migrantes y a quitar las colchonetas, pero no lo logra.<\/p>\n\n\n\n<p>En el cuarto se empieza a percibir como sale humo de la celda y el personal de migraci\u00f3n no hace ninguna acci\u00f3n para apagar la fuente de incendio y solo se limitan a hablar con los migrantes y por sus radios.<\/p>\n\n\n\n<p>Cada vez hay m\u00e1s humo en la estaci\u00f3n y tanto el guardia, quien presuntamente tiene las llaves de la celda, como el agente de migraci\u00f3n, salen del lugar tranquilamente dejando a los migrantes encerrados.<\/p>\n\n\n\n<p>En segundos, las c\u00e1maras de seguridad dejan de captar lo que est\u00e1 ocurriendo por la cantidad del humo que obstruye la nitidez de las im\u00e1genes.<\/p>\n\n\n\n<p>Suman 8 funcionarios del INM detenidos por incendio<br>Tras el incendio en la estaci\u00f3n del INM, suman ocho personas detenidas y encarceladas por la muerte de 40 migrantes y lesiones de 27 m\u00e1s.<\/p>\n\n\n\n<p>De acuerdo con un seguimiento, los detenidos son: Salvador Gonz\u00e1lez Guerrero, jefe en Chihuahua de la Oficina de Representaci\u00f3n del INM quien el fin de semana fue vinculado a proceso y recluido en el Cereso 3.<\/p>\n\n\n\n<p>Tambi\u00e9n est\u00e1n detenidos, un guardia de una empresa privada de nombre Omar P. V. y el migrante venezolano Jeison Daniel C, as\u00ed como Eduardo A. M., jefe de Recursos Materiales del INM en Chihuahua, y Juan Carlos M., jefe del Grupo Beta, as\u00ed como Daniel G., Rodolfo C. y Gloria Liliana R.<\/p>\n\n\n\n<p>Adem\u00e1s, el pr\u00f3ximo domingo se definir\u00e1 la situaci\u00f3n jur\u00eddica del comisionado del Instituto Nacional de Migraci\u00f3n (INM), Francisco Gardu\u00f1o, por este caso.<\/p>\n","protected":false},"excerpt":{"rendered":"<p>A un mes del incendio que cobr\u00f3 la vida de 40 migrantes, se dio a conocer una nueva grabaci\u00f3n de 16 minutos que capta los momentos previos al siniestro, y en el que muestra que ni agentes migratorios ni guardias hicieron algo para apagar el fuego que consumi\u00f3 la estaci\u00f3n del Instituto Nacional de Migraci\u00f3n [&hellip;]<\/p>\n","protected":false},"author":4,"featured_media":25532,"comment_status":"open","ping_status":"open","sticky":false,"template":"","format":"standard","meta":{"om_disable_all_campaigns":false,"_monsterinsights_skip_tracking":false,"_monsterinsights_sitenote_active":false,"_monsterinsights_sitenote_note":"","_monsterinsights_sitenote_category":0,"footnotes":""},"categories":[176],"tags":[195,223],"class_list":["post-25531","post","type-post","status-publish","format-standard","has-post-thumbnail","hentry","category-nacional","tag-principal","tag-puebla"],"amp_enabled":true,"_links":{"self":[{"href":"https:\/\/lahora.mx\/index.php\/wp-json\/wp\/v2\/posts\/25531","targetHints":{"allow":["GET"]}}],"collection":[{"href":"https:\/\/lahora.mx\/index.php\/wp-json\/wp\/v2\/posts"}],"about":[{"href":"https:\/\/lahora.mx\/index.php\/wp-json\/wp\/v2\/types\/post"}],"author":[{"embeddable":true,"href":"https:\/\/lahora.mx\/index.php\/wp-json\/wp\/v2\/users\/4"}],"replies":[{"embeddable":true,"href":"https:\/\/lahora.mx\/index.php\/wp-json\/wp\/v2\/comments?post=25531"}],"version-history":[{"count":1,"href":"https:\/\/lahora.mx\/index.php\/wp-json\/wp\/v2\/posts\/25531\/revisions"}],"predecessor-version":[{"id":25533,"href":"https:\/\/lahora.mx\/index.php\/wp-json\/wp\/v2\/posts\/25531\/revisions\/25533"}],"wp:featuredmedia":[{"embeddable":true,"href":"https:\/\/lahora.mx\/index.php\/wp-json\/wp\/v2\/media\/25532"}],"wp:attachment":[{"href":"https:\/\/lahora.mx\/index.php\/wp-json\/wp\/v2\/media?parent=25531"}],"wp:term":[{"taxonomy":"category","embeddable":true,"href":"https:\/\/lahora.mx\/index.php\/wp-json\/wp\/v2\/categories?post=25531"},{"taxonomy":"post_tag","embeddable":true,"href":"https:\/\/lahora.mx\/index.php\/wp-json\/wp\/v2\/tags?post=25531"}],"curies":[{"name":"wp","href":"https:\/\/api.w.org\/{rel}","templated":true}]}}