{"id":25522,"date":"2023-04-27T00:59:56","date_gmt":"2023-04-27T00:59:56","guid":{"rendered":"http:\/\/lahora.mx\/?p=25522"},"modified":"2023-04-27T00:59:56","modified_gmt":"2023-04-27T00:59:56","slug":"realizan-revista-de-contingentes-para-desfile-5-de-mayo","status":"publish","type":"post","link":"https:\/\/lahora.mx\/index.php\/2023\/04\/27\/realizan-revista-de-contingentes-para-desfile-5-de-mayo\/","title":{"rendered":"Realizan revista de contingentes para Desfile 5 de Mayo"},"content":{"rendered":"\n<p>La titular de la Secretar\u00eda de Educaci\u00f3n (SEP), Isabel Merlo Talavera, encabez\u00f3 la revista de los contingentes escolares que participar\u00e1n en el desfile conmemorativo de la Batalla de Puebla, que se realizar\u00e1 el pr\u00f3ximo 5 de mayo.<\/p>\n\n\n\n<p>Acompa\u00f1ada por el secretario de Cultura, Sergio Vergara Berdejo, la funcionaria atestigu\u00f3 la preparaci\u00f3n de los alumnos, quienes marcharon sobre la calzada Zaragoza en la zona de Los Fuertes.<\/p>\n\n\n\n<p>Las autoridades educativas informaron que fueron 6 mil escolares de 20 planteles educativos los que participaron.<\/p>\n\n\n\n<p>A los actos del CLXI aniversario de la Batalla de Puebla se espera la presencia del presidente de M\u00e9xico, Andr\u00e9s Manuel L\u00f3pez Obrador (AMLO), quien actualmente est\u00e1 en aislamiento por su tercer contagio de Covid.<\/p>\n","protected":false},"excerpt":{"rendered":"<p>La titular de la Secretar\u00eda de Educaci\u00f3n (SEP), Isabel Merlo Talavera, encabez\u00f3 la revista de los contingentes escolares que participar\u00e1n en el desfile conmemorativo de la Batalla de Puebla, que se realizar\u00e1 el pr\u00f3ximo 5 de mayo. Acompa\u00f1ada por el secretario de Cultura, Sergio Vergara Berdejo, la funcionaria atestigu\u00f3 la preparaci\u00f3n de los alumnos, quienes [&hellip;]<\/p>\n","protected":false},"author":4,"featured_media":25523,"comment_status":"open","ping_status":"open","sticky":false,"template":"","format":"standard","meta":{"om_disable_all_campaigns":false,"_monsterinsights_skip_tracking":false,"_monsterinsights_sitenote_active":false,"_monsterinsights_sitenote_note":"","_monsterinsights_sitenote_category":0,"footnotes":""},"categories":[175],"tags":[223],"class_list":["post-25522","post","type-post","status-publish","format-standard","has-post-thumbnail","hentry","category-local","tag-puebla"],"amp_enabled":true,"_links":{"self":[{"href":"https:\/\/lahora.mx\/index.php\/wp-json\/wp\/v2\/posts\/25522","targetHints":{"allow":["GET"]}}],"collection":[{"href":"https:\/\/lahora.mx\/index.php\/wp-json\/wp\/v2\/posts"}],"about":[{"href":"https:\/\/lahora.mx\/index.php\/wp-json\/wp\/v2\/types\/post"}],"author":[{"embeddable":true,"href":"https:\/\/lahora.mx\/index.php\/wp-json\/wp\/v2\/users\/4"}],"replies":[{"embeddable":true,"href":"https:\/\/lahora.mx\/index.php\/wp-json\/wp\/v2\/comments?post=25522"}],"version-history":[{"count":1,"href":"https:\/\/lahora.mx\/index.php\/wp-json\/wp\/v2\/posts\/25522\/revisions"}],"predecessor-version":[{"id":25524,"href":"https:\/\/lahora.mx\/index.php\/wp-json\/wp\/v2\/posts\/25522\/revisions\/25524"}],"wp:featuredmedia":[{"embeddable":true,"href":"https:\/\/lahora.mx\/index.php\/wp-json\/wp\/v2\/media\/25523"}],"wp:attachment":[{"href":"https:\/\/lahora.mx\/index.php\/wp-json\/wp\/v2\/media?parent=25522"}],"wp:term":[{"taxonomy":"category","embeddable":true,"href":"https:\/\/lahora.mx\/index.php\/wp-json\/wp\/v2\/categories?post=25522"},{"taxonomy":"post_tag","embeddable":true,"href":"https:\/\/lahora.mx\/index.php\/wp-json\/wp\/v2\/tags?post=25522"}],"curies":[{"name":"wp","href":"https:\/\/api.w.org\/{rel}","templated":true}]}}