{"id":25519,"date":"2023-04-27T00:23:00","date_gmt":"2023-04-27T00:23:00","guid":{"rendered":"http:\/\/lahora.mx\/?p=25519"},"modified":"2023-04-27T00:23:00","modified_gmt":"2023-04-27T00:23:00","slug":"iniciativa-de-jornada-laboral-de-40-horas-va-a-la-congeladora-en-diputados","status":"publish","type":"post","link":"https:\/\/lahora.mx\/index.php\/2023\/04\/27\/iniciativa-de-jornada-laboral-de-40-horas-va-a-la-congeladora-en-diputados\/","title":{"rendered":"Iniciativa de jornada laboral de 40 horas va a la \u2018congeladora\u2019 en Diputados"},"content":{"rendered":"\n<p>Ser\u00e1 para otra ocasi\u00f3n\u2026 Ignacio Mier, l\u00edder de la bancada de Morena en la C\u00e1mara de Diputados, adelant\u00f3 que la iniciativa para reducir las horas de la semana laboral de 48 a 40 horas no se votar\u00e1 en este periodo ordinario de sesiones.<\/p>\n\n\n\n<p>El dictamen, una propuesta de Movimiento Ciudadano, hab\u00eda sido aprobado en la Comisi\u00f3n de Puntos Constitucionales.<\/p>\n\n\n\n<p>Establece una modificaci\u00f3n al apartado A del Art\u00edculo 123 de la Constituci\u00f3n para que la jornada laboral no exceda las 40 horas semanales y se disfruten de dos d\u00edas de descanso por cada cinco de trabajo, cuando menos.<\/p>\n\n\n\n<p>\u201cReformar el art\u00edculo 123, apartado A de la Constituci\u00f3n Pol\u00edtica, a fin de ampliar a dos d\u00edas de descanso la semana laboral es, sin duda, un asunto de justicia social. Se atiende el clamor de la clase trabajadora, que por d\u00e9cadas ha demandado mejores condiciones\u201d, coment\u00f3 el diputado Pedro V\u00e1zquez Gonz\u00e1lez del Partido del Trabajo durante la reuni\u00f3n de la comisi\u00f3n.<br>Jornada laboral 2023: Estas son horas debes trabajar por ley en M\u00e9xico.<br>\u201cNo, ninguna reforma constitucional (va) porque ya no nos da tiempo y adem\u00e1s de que no nos da tiempo, se tiene que construir en torno al dictamen en tanto que una reforma constitucional requiere dos tercios, y eso requiere un consenso en la redacci\u00f3n del dictamen\u201d, dijo Ignacio Mier en conferencia de prensa.<\/p>\n\n\n\n<p>De hecho, la iniciativa original hablaba de reducir la jornada laboral a 35 horas a la semana, lo que implicaba cuatro d\u00edas de trabajo y tres de descanso.<\/p>\n\n\n\n<p>Actualmente, la Ley Federal del Trabajo (LFT) establece que una persona puede trabajar hasta 48 horas a la semana, con un m\u00e1ximo de ocho horas al d\u00eda por seis d\u00edas de la semana.<\/p>\n\n\n\n<p>Datos de la Organizaci\u00f3n para el Comercio y Desarrollo Econ\u00f3micos (OCDE) muestran que M\u00e9xico es el pa\u00eds con m\u00e1s horas de trabajo al a\u00f1o de los que conforman al grupo, con 2 mil 137, cuando el promedio de la instituci\u00f3n est\u00e1 en mil 730 horas.<\/p>\n","protected":false},"excerpt":{"rendered":"<p>Ser\u00e1 para otra ocasi\u00f3n\u2026 Ignacio Mier, l\u00edder de la bancada de Morena en la C\u00e1mara de Diputados, adelant\u00f3 que la iniciativa para reducir las horas de la semana laboral de 48 a 40 horas no se votar\u00e1 en este periodo ordinario de sesiones. El dictamen, una propuesta de Movimiento Ciudadano, hab\u00eda sido aprobado en la [&hellip;]<\/p>\n","protected":false},"author":4,"featured_media":25520,"comment_status":"open","ping_status":"open","sticky":false,"template":"","format":"standard","meta":{"om_disable_all_campaigns":false,"_monsterinsights_skip_tracking":false,"_monsterinsights_sitenote_active":false,"_monsterinsights_sitenote_note":"","_monsterinsights_sitenote_category":0,"footnotes":""},"categories":[176],"tags":[],"class_list":["post-25519","post","type-post","status-publish","format-standard","has-post-thumbnail","hentry","category-nacional"],"amp_enabled":true,"_links":{"self":[{"href":"https:\/\/lahora.mx\/index.php\/wp-json\/wp\/v2\/posts\/25519","targetHints":{"allow":["GET"]}}],"collection":[{"href":"https:\/\/lahora.mx\/index.php\/wp-json\/wp\/v2\/posts"}],"about":[{"href":"https:\/\/lahora.mx\/index.php\/wp-json\/wp\/v2\/types\/post"}],"author":[{"embeddable":true,"href":"https:\/\/lahora.mx\/index.php\/wp-json\/wp\/v2\/users\/4"}],"replies":[{"embeddable":true,"href":"https:\/\/lahora.mx\/index.php\/wp-json\/wp\/v2\/comments?post=25519"}],"version-history":[{"count":1,"href":"https:\/\/lahora.mx\/index.php\/wp-json\/wp\/v2\/posts\/25519\/revisions"}],"predecessor-version":[{"id":25521,"href":"https:\/\/lahora.mx\/index.php\/wp-json\/wp\/v2\/posts\/25519\/revisions\/25521"}],"wp:featuredmedia":[{"embeddable":true,"href":"https:\/\/lahora.mx\/index.php\/wp-json\/wp\/v2\/media\/25520"}],"wp:attachment":[{"href":"https:\/\/lahora.mx\/index.php\/wp-json\/wp\/v2\/media?parent=25519"}],"wp:term":[{"taxonomy":"category","embeddable":true,"href":"https:\/\/lahora.mx\/index.php\/wp-json\/wp\/v2\/categories?post=25519"},{"taxonomy":"post_tag","embeddable":true,"href":"https:\/\/lahora.mx\/index.php\/wp-json\/wp\/v2\/tags?post=25519"}],"curies":[{"name":"wp","href":"https:\/\/api.w.org\/{rel}","templated":true}]}}