{"id":25516,"date":"2023-04-27T00:11:04","date_gmt":"2023-04-27T00:11:04","guid":{"rendered":"http:\/\/lahora.mx\/?p=25516"},"modified":"2023-04-27T00:11:05","modified_gmt":"2023-04-27T00:11:05","slug":"justicia-de-brasil-ordena-la-suspension-de-telegram-en-todo-el-pais","status":"publish","type":"post","link":"https:\/\/lahora.mx\/index.php\/2023\/04\/27\/justicia-de-brasil-ordena-la-suspension-de-telegram-en-todo-el-pais\/","title":{"rendered":"Justicia de Brasil ordena la suspensi\u00f3n de Telegram en todo el pa\u00eds"},"content":{"rendered":"\n<p>La justicia de Brasil orden\u00f3 la suspensi\u00f3n del servicio de mensajer\u00eda Telegram en todo el pa\u00eds, por no entregar a las autoridades datos solicitados de grupos neonazis que act\u00faan en la plataforma, informaron este mi\u00e9rcoles el gobierno y el sistema judicial.<\/p>\n\n\n\n<p>En el marco de una investigaci\u00f3n \u00absobre grupos nazis y neonazis que act\u00faan en las redes sociales (\u2026) la justicia acept\u00f3 que la red que no est\u00e1 cumpliendo las decisiones, en este caso Telegram, reciba una multa de un mill\u00f3n de reales por d\u00eda (198,000 d\u00f3lares) y la suspensi\u00f3n temporaria de las actividades\u00bb, afirm\u00f3 el ministro de Justicia y Seguridad de Brasil, Fl\u00e1vio Dino, en un video divulgado por su asesor\u00eda.<\/p>\n\n\n\n<p>\u00abHay grupos llamados Frente Antisemita y Movimiento Antisemita actuando en esas redes, y sabemos que eso est\u00e1 en la base de la violencia contra nuestros ni\u00f1os y adolescentes\u00bb, agreg\u00f3 Dino, en referencia a los ataques ocurridos en escuelas brasile\u00f1as en los \u00faltimos meses.<\/p>\n\n\n\n<p>De acuerdo con un documento de la Justicia Federal de Espirito Santo (sureste de Brasil), la Polic\u00eda Federal y la fiscal\u00eda hab\u00edan solicitado a Telegram datos personales de todos los integrantes de los canales \u00abMovimiento antisemita brasile\u00f1o\u00bb y \u00abFrente Anti-Semita\u00bb.<\/p>\n\n\n\n<p>Los investigadores identificaron que el adolescente de 16 a\u00f1os que en noviembre pasado mat\u00f3 a tiros a cuatro personas e hiri\u00f3 a m\u00e1s de diez en dos escuelas de Espirito Santo, interactuaba con grupos antisemitas en Telegram, seg\u00fan el sitio de noticias G1, que cita fuentes policiales.<\/p>\n\n\n\n<p>La empresa cumpli\u00f3 \u00abparcialmente\u00bb el pedido de las autoridades, entregando apenas los datos del administrador de uno de los dos grupos, de acuerdo con el documento judicial.<\/p>\n\n\n\n<p>Hay un \u00abevidente prop\u00f3sito de Telegram de no cooperar con la investigaci\u00f3n en curso\u00bb, reza el texto de la justicia.<\/p>\n","protected":false},"excerpt":{"rendered":"<p>La justicia de Brasil orden\u00f3 la suspensi\u00f3n del servicio de mensajer\u00eda Telegram en todo el pa\u00eds, por no entregar a las autoridades datos solicitados de grupos neonazis que act\u00faan en la plataforma, informaron este mi\u00e9rcoles el gobierno y el sistema judicial. En el marco de una investigaci\u00f3n \u00absobre grupos nazis y neonazis que act\u00faan en [&hellip;]<\/p>\n","protected":false},"author":4,"featured_media":25517,"comment_status":"open","ping_status":"open","sticky":false,"template":"","format":"standard","meta":{"om_disable_all_campaigns":false,"_monsterinsights_skip_tracking":false,"_monsterinsights_sitenote_active":false,"_monsterinsights_sitenote_note":"","_monsterinsights_sitenote_category":0,"footnotes":""},"categories":[183],"tags":[195],"class_list":["post-25516","post","type-post","status-publish","format-standard","has-post-thumbnail","hentry","category-internacional","tag-principal"],"amp_enabled":true,"_links":{"self":[{"href":"https:\/\/lahora.mx\/index.php\/wp-json\/wp\/v2\/posts\/25516","targetHints":{"allow":["GET"]}}],"collection":[{"href":"https:\/\/lahora.mx\/index.php\/wp-json\/wp\/v2\/posts"}],"about":[{"href":"https:\/\/lahora.mx\/index.php\/wp-json\/wp\/v2\/types\/post"}],"author":[{"embeddable":true,"href":"https:\/\/lahora.mx\/index.php\/wp-json\/wp\/v2\/users\/4"}],"replies":[{"embeddable":true,"href":"https:\/\/lahora.mx\/index.php\/wp-json\/wp\/v2\/comments?post=25516"}],"version-history":[{"count":1,"href":"https:\/\/lahora.mx\/index.php\/wp-json\/wp\/v2\/posts\/25516\/revisions"}],"predecessor-version":[{"id":25518,"href":"https:\/\/lahora.mx\/index.php\/wp-json\/wp\/v2\/posts\/25516\/revisions\/25518"}],"wp:featuredmedia":[{"embeddable":true,"href":"https:\/\/lahora.mx\/index.php\/wp-json\/wp\/v2\/media\/25517"}],"wp:attachment":[{"href":"https:\/\/lahora.mx\/index.php\/wp-json\/wp\/v2\/media?parent=25516"}],"wp:term":[{"taxonomy":"category","embeddable":true,"href":"https:\/\/lahora.mx\/index.php\/wp-json\/wp\/v2\/categories?post=25516"},{"taxonomy":"post_tag","embeddable":true,"href":"https:\/\/lahora.mx\/index.php\/wp-json\/wp\/v2\/tags?post=25516"}],"curies":[{"name":"wp","href":"https:\/\/api.w.org\/{rel}","templated":true}]}}