{"id":25513,"date":"2023-04-27T00:09:40","date_gmt":"2023-04-27T00:09:40","guid":{"rendered":"http:\/\/lahora.mx\/?p=25513"},"modified":"2023-04-27T00:09:40","modified_gmt":"2023-04-27T00:09:40","slug":"concluyo-reunion-de-gobernadores-de-morena-en-palacio-nacional","status":"publish","type":"post","link":"https:\/\/lahora.mx\/index.php\/2023\/04\/27\/concluyo-reunion-de-gobernadores-de-morena-en-palacio-nacional\/","title":{"rendered":"Concluy\u00f3 reuni\u00f3n de Gobernadores de Morena en Palacio Nacional"},"content":{"rendered":"\n<p>Gobernadores y gobernadoras de Movimiento Regeneraci\u00f3n Nacional (Morena) arribaron a Palacio Nacional, en Ciudad de M\u00e9xico (CDMX), para la reuni\u00f3n privada a la que fueron convocados previo al contagio por COVID-19 del presidente Andr\u00e9s Manuel L\u00f3pez Obrador (AMLO).<\/p>\n\n\n\n<p>Hasta el momento se desconoce si AMLO acudir\u00e1 de manera presencial a la reuni\u00f3n con los funcionarios. (Cuartoscuro)<br>De acuerdo con el Secretario de Gobernaci\u00f3n, Ad\u00e1n Augusto L\u00f3pez, este ser\u00eda el primero de dos encuentros que el Gobierno Federal organiz\u00f3 con las y los mandatarios estatales. Sin embargo, ser\u00e1 Ad\u00e1n Augusto quien encabece la reuni\u00f3n de trabajo ante la ausencia de L\u00f3pez Obrador por enfermedad.<\/p>\n\n\n\n<p>\u201cSe divide en dos bloques. El d\u00eda de hoy estar\u00e1n presentes seguro 20 gobernadores. La siguiente semana con 12 gobernadores\u201d, coment\u00f3 desde la ma\u00f1anera y abund\u00f3 que al encuentro tambi\u00e9n acudir\u00e1 Rosa Icela Rodr\u00edguez y Alejandro Encinas.<\/p>\n\n\n\n<p>En tanto, aclar\u00f3 que no se tiene previsto un posible mensaje de L\u00f3pez Obrador para la reuni\u00f3n, \u201cpero pudiera darse\u201d. Sin embargo, a su llegada a Palacio Nacional se reserv\u00f3 de declarar a la prensa si el Jefe del Ejecutivo estar\u00e1 o no presente.<br>Pese a estar programado para las 11:30 horas, el encuentro comenz\u00f3 en punto de las 12:00 horas y finaliz\u00f3 a las 14:00 horas. Algunos mandatarios se retiraron del recinto sin rendir declaraciones a los medios de comunicaci\u00f3n presentes.<\/p>\n\n\n\n<p>El Secretario de Gobernaci\u00f3n encabezar\u00e1 el encuentro ante la ausencia de L\u00f3pez Obrador por enfermedad<br>Desfile de gobernadores en Palacio Nacional<br>Lorena Cu\u00e9llar, gobernadora de Tlaxcala, fue de las primeras en ingresar a Palacio Nacional en punto de las 10:40 horas del 26 de abril. Sin embargo, sali\u00f3 moment\u00e1neamente del recinto.<\/p>\n\n\n\n<p>A su llegada le siguieron Rutilio Escand\u00f3n, gobernador de Chiapas; Am\u00e9rico Villarreal de Tamaulipas; Salom\u00f3n Jara, de Oaxaca, y el Subsecretario de Derechos Humanos, Alejandro Encinas. Para entonces, la Secretaria Rosa Icela Rodr\u00edguez ya se encontraba al interior del recinto.<\/p>\n\n\n\n<p>Casi a la par llegaron Marina del Pilar, Mara Lezama e Indira Vizca\u00edno, gobernadoras de Baja California, Quintana Roo y Colima respectivamente. De igual modo lo hizo el de Michoac\u00e1n, Alfredo Ram\u00edrez Bedolla, y Alfonso Durazo, de Sonora.<br>La Jefa de Gobierno de la CDMX, Claudia Sheinbaum, lleg\u00f3 alrededor de las 11:45 horas acompa\u00f1ada del Secretario de Gobernaci\u00f3n. Poco despu\u00e9s arrib\u00f3 Rub\u00e9n Rocha Moya, de Sinaloa, quien ratific\u00f3 que la reuni\u00f3n ser\u00eda presidida por Ad\u00e1n Augusto L\u00f3pez.<br>Por su parte, se confirm\u00f3 la asistencia del interino de Puebla, Sergio Salom\u00f3n, quien hizo acto de presencia en la ma\u00f1anera y en la reuni\u00f3n de seguridad previa a \u00e9sta.<\/p>\n\n\n\n<p>Al filo de las 12:00 horas arrib\u00f3 el gobernador de Veracruz, Cuitl\u00e1huac Garc\u00eda; Evelyn Salgado, de Guerrero; Julio Menchaca, de Hidalgo; David Monreal, de Zacatecas, y el de Tabasco, Carlos Manuel Merino.<br>Gobernadores de partidos aliados a Regeneraci\u00f3n Nacional Ricardo Gallardo y Cuauht\u00e9moc Blanco, del Partido Verde (PVEM) y Encuentro Social (PES) respectivamente, tambi\u00e9n acudieron a la reuni\u00f3n. La \u00faltima gobernadora en llegar al inmueble gubernamental fue la de Campeche, Layda Sansores.<\/p>\n\n\n\n<p>Cabe se\u00f1alar que ninguna o ning\u00fan mandatario estatal abundaron en la agenda que tratar\u00e1n con los Secretarios del Gabinete Federal o si L\u00f3pez Obrador tendr\u00e1 alg\u00fan tipo de participaci\u00f3n virtual \u2014 en raz\u00f3n de su contagio por el SARS COV-2.<\/p>\n\n\n\n<p>\u00bfDe qu\u00e9 trat\u00f3 la reuni\u00f3n?<br>Seg\u00fan lo informado por Ad\u00e1n Augusto L\u00f3pez, la reuni\u00f3n forma parte de las revisiones peri\u00f3dicas que el Gobierno Federal organiza con las y los mandatarios estatales en materia de programas sociales y seguridad.<br>En otro momento, el Secretario de Gobernaci\u00f3n contradijo a la Secretar\u00eda de Relaciones Exteriores (SRE) respecto al aplazamiento de la cumbre de l\u00edderes de Am\u00e9rica Latina para alcanzar un acuerdo en materia de inflaci\u00f3n econ\u00f3mica.<\/p>\n\n\n\n<p>Contrario a lo dicho por la canciller\u00eda, Ad\u00e1n Augusto rechaz\u00f3 que la causa para posponer el encuentro previsto para el 6 y 7 de mayo fuera por la salud de L\u00f3pez Obrador: \u201cNada que ver\u201d, se\u00f1al\u00f3 desde el estrado de Palacio Nacional.<\/p>\n\n\n\n<p>En su lugar, se\u00f1al\u00f3 que esto se debi\u00f3 a problemas de agenda de los otros mandatarios que iban a participar. En ese tenor, el Secretario aprovech\u00f3 para reiterar en el bienestar del Presidente de M\u00e9xico.<\/p>\n","protected":false},"excerpt":{"rendered":"<p>Gobernadores y gobernadoras de Movimiento Regeneraci\u00f3n Nacional (Morena) arribaron a Palacio Nacional, en Ciudad de M\u00e9xico (CDMX), para la reuni\u00f3n privada a la que fueron convocados previo al contagio por COVID-19 del presidente Andr\u00e9s Manuel L\u00f3pez Obrador (AMLO). Hasta el momento se desconoce si AMLO acudir\u00e1 de manera presencial a la reuni\u00f3n con los funcionarios. [&hellip;]<\/p>\n","protected":false},"author":4,"featured_media":25514,"comment_status":"open","ping_status":"open","sticky":false,"template":"","format":"standard","meta":{"om_disable_all_campaigns":false,"_monsterinsights_skip_tracking":false,"_monsterinsights_sitenote_active":false,"_monsterinsights_sitenote_note":"","_monsterinsights_sitenote_category":0,"footnotes":""},"categories":[176],"tags":[223,210],"class_list":["post-25513","post","type-post","status-publish","format-standard","has-post-thumbnail","hentry","category-nacional","tag-puebla","tag-tlaxcala"],"amp_enabled":true,"_links":{"self":[{"href":"https:\/\/lahora.mx\/index.php\/wp-json\/wp\/v2\/posts\/25513","targetHints":{"allow":["GET"]}}],"collection":[{"href":"https:\/\/lahora.mx\/index.php\/wp-json\/wp\/v2\/posts"}],"about":[{"href":"https:\/\/lahora.mx\/index.php\/wp-json\/wp\/v2\/types\/post"}],"author":[{"embeddable":true,"href":"https:\/\/lahora.mx\/index.php\/wp-json\/wp\/v2\/users\/4"}],"replies":[{"embeddable":true,"href":"https:\/\/lahora.mx\/index.php\/wp-json\/wp\/v2\/comments?post=25513"}],"version-history":[{"count":1,"href":"https:\/\/lahora.mx\/index.php\/wp-json\/wp\/v2\/posts\/25513\/revisions"}],"predecessor-version":[{"id":25515,"href":"https:\/\/lahora.mx\/index.php\/wp-json\/wp\/v2\/posts\/25513\/revisions\/25515"}],"wp:featuredmedia":[{"embeddable":true,"href":"https:\/\/lahora.mx\/index.php\/wp-json\/wp\/v2\/media\/25514"}],"wp:attachment":[{"href":"https:\/\/lahora.mx\/index.php\/wp-json\/wp\/v2\/media?parent=25513"}],"wp:term":[{"taxonomy":"category","embeddable":true,"href":"https:\/\/lahora.mx\/index.php\/wp-json\/wp\/v2\/categories?post=25513"},{"taxonomy":"post_tag","embeddable":true,"href":"https:\/\/lahora.mx\/index.php\/wp-json\/wp\/v2\/tags?post=25513"}],"curies":[{"name":"wp","href":"https:\/\/api.w.org\/{rel}","templated":true}]}}