{"id":25507,"date":"2023-04-27T00:00:15","date_gmt":"2023-04-27T00:00:15","guid":{"rendered":"http:\/\/lahora.mx\/?p=25507"},"modified":"2023-04-27T00:00:15","modified_gmt":"2023-04-27T00:00:15","slug":"inauguran-la-exposicion-el-acervo-del-museo-universitario-casa-de-los-munecos-cerca-de-ti","status":"publish","type":"post","link":"https:\/\/lahora.mx\/index.php\/2023\/04\/27\/inauguran-la-exposicion-el-acervo-del-museo-universitario-casa-de-los-munecos-cerca-de-ti\/","title":{"rendered":"Inauguran la exposici\u00f3n \u201cEl acervo del Museo Universitario Casa de los Mu\u00f1ecos cerca de ti\u201d"},"content":{"rendered":"\n<p>Al inaugurar la exposici\u00f3n \u201cEl acervo del Museo Universitario Casa de los Mu\u00f1ecos cerca de ti\u201d, la Rectora de la BUAP, Mar\u00eda Lilia Cedillo Ram\u00edrez, consider\u00f3 que hablar de este espacio es referir la trayectoria de muchos universitarios que han colaborado en su crecimiento.<\/p>\n\n\n\n<p>Destac\u00f3, adem\u00e1s, que esta exposici\u00f3n ubicada en la valla perimetral del Complejo Cultural Universitario (CCU) es para despertar el inter\u00e9s de los universitarios y p\u00fablico en general en visitar el museo, del cual dijo sentirse orgullosa.<\/p>\n\n\n\n<p>Por su parte, la titular de la Direcci\u00f3n de Museos Universitarios, Mar\u00eda Elsa Hern\u00e1ndez y Mart\u00ednez, agradeci\u00f3 el apoyo del personal que hizo posible esta exhibici\u00f3n, la cual consta de 117 im\u00e1genes que muestran las obras que conforman el acervo del Museo Universitario Casa de los Mu\u00f1ecos, as\u00ed como sus instalaciones f\u00edsicas.<\/p>\n\n\n\n<p>A este evento tambi\u00e9n asisti\u00f3 el vicerrector de Extensi\u00f3n y Difusi\u00f3n de la Cultura, Jos\u00e9 Carlos Bernal Su\u00e1rez.<\/p>\n","protected":false},"excerpt":{"rendered":"<p>Al inaugurar la exposici\u00f3n \u201cEl acervo del Museo Universitario Casa de los Mu\u00f1ecos cerca de ti\u201d, la Rectora de la BUAP, Mar\u00eda Lilia Cedillo Ram\u00edrez, consider\u00f3 que hablar de este espacio es referir la trayectoria de muchos universitarios que han colaborado en su crecimiento. Destac\u00f3, adem\u00e1s, que esta exposici\u00f3n ubicada en la valla perimetral del [&hellip;]<\/p>\n","protected":false},"author":4,"featured_media":25508,"comment_status":"open","ping_status":"open","sticky":false,"template":"","format":"standard","meta":{"om_disable_all_campaigns":false,"_monsterinsights_skip_tracking":false,"_monsterinsights_sitenote_active":false,"_monsterinsights_sitenote_note":"","_monsterinsights_sitenote_category":0,"footnotes":""},"categories":[175],"tags":[223],"class_list":["post-25507","post","type-post","status-publish","format-standard","has-post-thumbnail","hentry","category-local","tag-puebla"],"amp_enabled":true,"_links":{"self":[{"href":"https:\/\/lahora.mx\/index.php\/wp-json\/wp\/v2\/posts\/25507","targetHints":{"allow":["GET"]}}],"collection":[{"href":"https:\/\/lahora.mx\/index.php\/wp-json\/wp\/v2\/posts"}],"about":[{"href":"https:\/\/lahora.mx\/index.php\/wp-json\/wp\/v2\/types\/post"}],"author":[{"embeddable":true,"href":"https:\/\/lahora.mx\/index.php\/wp-json\/wp\/v2\/users\/4"}],"replies":[{"embeddable":true,"href":"https:\/\/lahora.mx\/index.php\/wp-json\/wp\/v2\/comments?post=25507"}],"version-history":[{"count":1,"href":"https:\/\/lahora.mx\/index.php\/wp-json\/wp\/v2\/posts\/25507\/revisions"}],"predecessor-version":[{"id":25509,"href":"https:\/\/lahora.mx\/index.php\/wp-json\/wp\/v2\/posts\/25507\/revisions\/25509"}],"wp:featuredmedia":[{"embeddable":true,"href":"https:\/\/lahora.mx\/index.php\/wp-json\/wp\/v2\/media\/25508"}],"wp:attachment":[{"href":"https:\/\/lahora.mx\/index.php\/wp-json\/wp\/v2\/media?parent=25507"}],"wp:term":[{"taxonomy":"category","embeddable":true,"href":"https:\/\/lahora.mx\/index.php\/wp-json\/wp\/v2\/categories?post=25507"},{"taxonomy":"post_tag","embeddable":true,"href":"https:\/\/lahora.mx\/index.php\/wp-json\/wp\/v2\/tags?post=25507"}],"curies":[{"name":"wp","href":"https:\/\/api.w.org\/{rel}","templated":true}]}}