{"id":25501,"date":"2023-04-26T23:44:12","date_gmt":"2023-04-26T23:44:12","guid":{"rendered":"http:\/\/lahora.mx\/?p=25501"},"modified":"2023-04-26T23:44:12","modified_gmt":"2023-04-26T23:44:12","slug":"gobernador-cespedes-reunion-con-director-de-citibanamex-productiva","status":"publish","type":"post","link":"https:\/\/lahora.mx\/index.php\/2023\/04\/26\/gobernador-cespedes-reunion-con-director-de-citibanamex-productiva\/","title":{"rendered":"Gobernador C\u00e9spedes: reuni\u00f3n con director de Citibanamex, productiva"},"content":{"rendered":"\n<p>El gobernador de Puebla, Sergio Salom\u00f3n C\u00e9spedes Peregrina, se reuni\u00f3 con el director general de Citibanamex, Manuel Romo Villafuerte.<\/p>\n\n\n\n<p>A trav\u00e9s de su cuenta de Twitter, el mandatario poblano comparti\u00f3 im\u00e1genes del encuentro este mi\u00e9rcoles 26 de abril en la Ciudad de M\u00e9xico.<\/p>\n\n\n\n<p>Durante su mensaje, C\u00e9spedes Peregrina calific\u00f3 la reuni\u00f3n como productiva, la cual servir\u00e1 para generar v\u00ednculos con la instituci\u00f3n bancaria que beneficien al estado.<\/p>\n\n\n\n<p>Sergio Salom\u00f3n estuvo este d\u00eda en la CDMX para participar en la conferencia de prensa matutina del gobierno federal; all\u00ed promocion\u00f3 la Feria de Puebla que comienza ma\u00f1ana, jueves 27 de abril.<br>Adem\u00e1s de la reuni\u00f3n con el director de Citibanamex, que calific\u00f3 de productiva, el Gobernador C\u00e9spedes asistir\u00e1 a la Conferencia Nacional de Gobernadores (Conago) encabezada en esta ocasi\u00f3n por el secretario de Gobernaci\u00f3n federal, Ad\u00e1n Augusto L\u00f3pez Hern\u00e1ndez, en ausencia del presidente de la Rep\u00fablica, Andr\u00e9s Manuel L\u00f3pez Obrador, por motivos de salud.<\/p>\n","protected":false},"excerpt":{"rendered":"<p>El gobernador de Puebla, Sergio Salom\u00f3n C\u00e9spedes Peregrina, se reuni\u00f3 con el director general de Citibanamex, Manuel Romo Villafuerte. A trav\u00e9s de su cuenta de Twitter, el mandatario poblano comparti\u00f3 im\u00e1genes del encuentro este mi\u00e9rcoles 26 de abril en la Ciudad de M\u00e9xico. Durante su mensaje, C\u00e9spedes Peregrina calific\u00f3 la reuni\u00f3n como productiva, la cual [&hellip;]<\/p>\n","protected":false},"author":4,"featured_media":25502,"comment_status":"open","ping_status":"open","sticky":false,"template":"","format":"standard","meta":{"om_disable_all_campaigns":false,"_monsterinsights_skip_tracking":false,"_monsterinsights_sitenote_active":false,"_monsterinsights_sitenote_note":"","_monsterinsights_sitenote_category":0,"footnotes":""},"categories":[175],"tags":[223],"class_list":["post-25501","post","type-post","status-publish","format-standard","has-post-thumbnail","hentry","category-local","tag-puebla"],"amp_enabled":true,"_links":{"self":[{"href":"https:\/\/lahora.mx\/index.php\/wp-json\/wp\/v2\/posts\/25501","targetHints":{"allow":["GET"]}}],"collection":[{"href":"https:\/\/lahora.mx\/index.php\/wp-json\/wp\/v2\/posts"}],"about":[{"href":"https:\/\/lahora.mx\/index.php\/wp-json\/wp\/v2\/types\/post"}],"author":[{"embeddable":true,"href":"https:\/\/lahora.mx\/index.php\/wp-json\/wp\/v2\/users\/4"}],"replies":[{"embeddable":true,"href":"https:\/\/lahora.mx\/index.php\/wp-json\/wp\/v2\/comments?post=25501"}],"version-history":[{"count":1,"href":"https:\/\/lahora.mx\/index.php\/wp-json\/wp\/v2\/posts\/25501\/revisions"}],"predecessor-version":[{"id":25503,"href":"https:\/\/lahora.mx\/index.php\/wp-json\/wp\/v2\/posts\/25501\/revisions\/25503"}],"wp:featuredmedia":[{"embeddable":true,"href":"https:\/\/lahora.mx\/index.php\/wp-json\/wp\/v2\/media\/25502"}],"wp:attachment":[{"href":"https:\/\/lahora.mx\/index.php\/wp-json\/wp\/v2\/media?parent=25501"}],"wp:term":[{"taxonomy":"category","embeddable":true,"href":"https:\/\/lahora.mx\/index.php\/wp-json\/wp\/v2\/categories?post=25501"},{"taxonomy":"post_tag","embeddable":true,"href":"https:\/\/lahora.mx\/index.php\/wp-json\/wp\/v2\/tags?post=25501"}],"curies":[{"name":"wp","href":"https:\/\/api.w.org\/{rel}","templated":true}]}}