{"id":25498,"date":"2023-04-26T23:13:47","date_gmt":"2023-04-26T23:13:47","guid":{"rendered":"http:\/\/lahora.mx\/?p=25498"},"modified":"2023-04-26T23:13:47","modified_gmt":"2023-04-26T23:13:47","slug":"acompana-sergio-salomon-a-adan-augusto-a-mesa-de-seguridad-y-mananera-de-amlo","status":"publish","type":"post","link":"https:\/\/lahora.mx\/index.php\/2023\/04\/26\/acompana-sergio-salomon-a-adan-augusto-a-mesa-de-seguridad-y-mananera-de-amlo\/","title":{"rendered":"Acompa\u00f1a Sergio Salom\u00f3n a Ad\u00e1n Augusto a Mesa de Seguridad y ma\u00f1anera de AMLO"},"content":{"rendered":"\n<p>El gobernador Sergio Salom\u00f3n C\u00e9spedes estuvo presente durante la mesa de seguridad del gobierno federal, misma que presidi\u00f3 el secretario de Gobernaci\u00f3n Ad\u00e1n Augusto L\u00f3pez y tambi\u00e9n durante la conferencia de prensa ma\u00f1anera.<\/p>\n\n\n\n<p>A trav\u00e9s de sus redes sociales, C\u00e9spedes Peregrina detall\u00f3 que estuvo presente en la mesa de seguridad que habitualmente encabeza el presidente L\u00f3pez Obrador, pero en su ausencia estuvo presente Ad\u00e1n Augusto L\u00f3pez.<\/p>\n\n\n\n<p>En este sentido, el gobernador tambi\u00e9n aprovech\u00f3 el mensaje para desearle una pronta recuperaci\u00f3n al presidente L\u00f3pez Obrador, luego de que dio positivo a Coronavirus por tercera ocasi\u00f3n.<\/p>\n\n\n\n<p>Hay que recordar que, tras el contagio de L\u00f3pez Obrador, el que encabez\u00f3 las ma\u00f1aneras fue el secretario de Gobernaci\u00f3n y en esta ocasi\u00f3n invit\u00f3 al gobernador.<\/p>\n","protected":false},"excerpt":{"rendered":"<p>El gobernador Sergio Salom\u00f3n C\u00e9spedes estuvo presente durante la mesa de seguridad del gobierno federal, misma que presidi\u00f3 el secretario de Gobernaci\u00f3n Ad\u00e1n Augusto L\u00f3pez y tambi\u00e9n durante la conferencia de prensa ma\u00f1anera. A trav\u00e9s de sus redes sociales, C\u00e9spedes Peregrina detall\u00f3 que estuvo presente en la mesa de seguridad que habitualmente encabeza el presidente [&hellip;]<\/p>\n","protected":false},"author":4,"featured_media":25499,"comment_status":"open","ping_status":"open","sticky":false,"template":"","format":"standard","meta":{"om_disable_all_campaigns":false,"_monsterinsights_skip_tracking":false,"_monsterinsights_sitenote_active":false,"_monsterinsights_sitenote_note":"","_monsterinsights_sitenote_category":0,"footnotes":""},"categories":[175],"tags":[223],"class_list":["post-25498","post","type-post","status-publish","format-standard","has-post-thumbnail","hentry","category-local","tag-puebla"],"amp_enabled":true,"_links":{"self":[{"href":"https:\/\/lahora.mx\/index.php\/wp-json\/wp\/v2\/posts\/25498","targetHints":{"allow":["GET"]}}],"collection":[{"href":"https:\/\/lahora.mx\/index.php\/wp-json\/wp\/v2\/posts"}],"about":[{"href":"https:\/\/lahora.mx\/index.php\/wp-json\/wp\/v2\/types\/post"}],"author":[{"embeddable":true,"href":"https:\/\/lahora.mx\/index.php\/wp-json\/wp\/v2\/users\/4"}],"replies":[{"embeddable":true,"href":"https:\/\/lahora.mx\/index.php\/wp-json\/wp\/v2\/comments?post=25498"}],"version-history":[{"count":1,"href":"https:\/\/lahora.mx\/index.php\/wp-json\/wp\/v2\/posts\/25498\/revisions"}],"predecessor-version":[{"id":25500,"href":"https:\/\/lahora.mx\/index.php\/wp-json\/wp\/v2\/posts\/25498\/revisions\/25500"}],"wp:featuredmedia":[{"embeddable":true,"href":"https:\/\/lahora.mx\/index.php\/wp-json\/wp\/v2\/media\/25499"}],"wp:attachment":[{"href":"https:\/\/lahora.mx\/index.php\/wp-json\/wp\/v2\/media?parent=25498"}],"wp:term":[{"taxonomy":"category","embeddable":true,"href":"https:\/\/lahora.mx\/index.php\/wp-json\/wp\/v2\/categories?post=25498"},{"taxonomy":"post_tag","embeddable":true,"href":"https:\/\/lahora.mx\/index.php\/wp-json\/wp\/v2\/tags?post=25498"}],"curies":[{"name":"wp","href":"https:\/\/api.w.org\/{rel}","templated":true}]}}