{"id":25495,"date":"2023-04-26T22:27:42","date_gmt":"2023-04-26T22:27:42","guid":{"rendered":"http:\/\/lahora.mx\/?p=25495"},"modified":"2023-04-26T22:27:42","modified_gmt":"2023-04-26T22:27:42","slug":"permiso-para-construir-nuevo-congreso-en-dos-meses","status":"publish","type":"post","link":"https:\/\/lahora.mx\/index.php\/2023\/04\/26\/permiso-para-construir-nuevo-congreso-en-dos-meses\/","title":{"rendered":"Permiso para construir nuevo Congreso, en dos meses"},"content":{"rendered":"\n<p>Tras las modificaciones hechas por la Secretar\u00eda de Infraestructura del estado, ser\u00e1 en dos meses cuando se otorgue el permiso por parte del Instituto Nacional de Antropolog\u00eda e Historia (INAH) para el proyecto de edificaci\u00f3n del nuevo Congreso local de Puebla.<\/p>\n\n\n\n<p>As\u00ed lo anunci\u00f3 el delegado del instituto en Puebla, Manuel Villaruel V\u00e1zquez, quien reforz\u00f3 que el proyecto ser\u00e1 edificado en una zona patrimonial de Los Fuertes de Loreto y Guadalupe.<\/p>\n\n\n\n<p>El pasado 5 de abril, el gobernador Sergio Salom\u00f3n C\u00e9spedes Peregrina confirm\u00f3 que ya se contaba con la aprobaci\u00f3n del INAH, sin embargo, abund\u00f3 que se solicitaron modificaciones.<\/p>\n\n\n\n<p>Villaruel V\u00e1zquez explic\u00f3 que entre las alteraciones solicitadas se encontraban las especificaciones del volumen de la obra, si se trataba de paisaje urbano e hist\u00f3rico y cambios en la altura de los tres edificios planificados.<br>Abund\u00f3 que antes del desarrollo de la obra, el instituto realizar\u00e1 excavaciones en el lugar, con el fin de descartar la existencia de vestigios hist\u00f3ricos en la zona y que el proyecto contar\u00e1 con la supervisi\u00f3n de arque\u00f3logos del INAH.<\/p>\n\n\n\n<p>Se trata de una nueva edificaci\u00f3n anunciada por el gobernador finado Miguel Barbosa Huerta, quien en noviembre del a\u00f1o pasado revel\u00f3 que la actual sede del Poder Legislativo ya no es funcional para la realizaci\u00f3n de sus actividades.<br>En otro orden de ideas, el titular de la Secretar\u00eda de Infraestructura del Estado, Luis Roberto Tenorio Garc\u00eda, descart\u00f3 que la plaza de toros El Relicario Joselito Huerta sea reconstruida en la zona de Los Fuertes.<\/p>\n\n\n\n<p>Se\u00f1al\u00f3 que este proyecto ser\u00e1 edificado en San Andr\u00e9s Cholula, luego de evaluaciones de acceso en la zona en que hab\u00eda sido planteado el desarrollo.<\/p>\n\n\n\n<p>Explic\u00f3 que una vez que el proyecto sea avalado por el gobernador Sergio Salom\u00f3n C\u00e9spedes, se proyecta iniciar en junio para concluir durante los primeros meses del 2024.<\/p>\n","protected":false},"excerpt":{"rendered":"<p>Tras las modificaciones hechas por la Secretar\u00eda de Infraestructura del estado, ser\u00e1 en dos meses cuando se otorgue el permiso por parte del Instituto Nacional de Antropolog\u00eda e Historia (INAH) para el proyecto de edificaci\u00f3n del nuevo Congreso local de Puebla. As\u00ed lo anunci\u00f3 el delegado del instituto en Puebla, Manuel Villaruel V\u00e1zquez, quien reforz\u00f3 [&hellip;]<\/p>\n","protected":false},"author":4,"featured_media":25496,"comment_status":"open","ping_status":"open","sticky":false,"template":"","format":"standard","meta":{"om_disable_all_campaigns":false,"_monsterinsights_skip_tracking":false,"_monsterinsights_sitenote_active":false,"_monsterinsights_sitenote_note":"","_monsterinsights_sitenote_category":0,"footnotes":""},"categories":[175],"tags":[227,223],"class_list":["post-25495","post","type-post","status-publish","format-standard","has-post-thumbnail","hentry","category-local","tag-congreso","tag-puebla"],"amp_enabled":true,"_links":{"self":[{"href":"https:\/\/lahora.mx\/index.php\/wp-json\/wp\/v2\/posts\/25495","targetHints":{"allow":["GET"]}}],"collection":[{"href":"https:\/\/lahora.mx\/index.php\/wp-json\/wp\/v2\/posts"}],"about":[{"href":"https:\/\/lahora.mx\/index.php\/wp-json\/wp\/v2\/types\/post"}],"author":[{"embeddable":true,"href":"https:\/\/lahora.mx\/index.php\/wp-json\/wp\/v2\/users\/4"}],"replies":[{"embeddable":true,"href":"https:\/\/lahora.mx\/index.php\/wp-json\/wp\/v2\/comments?post=25495"}],"version-history":[{"count":1,"href":"https:\/\/lahora.mx\/index.php\/wp-json\/wp\/v2\/posts\/25495\/revisions"}],"predecessor-version":[{"id":25497,"href":"https:\/\/lahora.mx\/index.php\/wp-json\/wp\/v2\/posts\/25495\/revisions\/25497"}],"wp:featuredmedia":[{"embeddable":true,"href":"https:\/\/lahora.mx\/index.php\/wp-json\/wp\/v2\/media\/25496"}],"wp:attachment":[{"href":"https:\/\/lahora.mx\/index.php\/wp-json\/wp\/v2\/media?parent=25495"}],"wp:term":[{"taxonomy":"category","embeddable":true,"href":"https:\/\/lahora.mx\/index.php\/wp-json\/wp\/v2\/categories?post=25495"},{"taxonomy":"post_tag","embeddable":true,"href":"https:\/\/lahora.mx\/index.php\/wp-json\/wp\/v2\/tags?post=25495"}],"curies":[{"name":"wp","href":"https:\/\/api.w.org\/{rel}","templated":true}]}}