{"id":25492,"date":"2023-04-26T21:32:28","date_gmt":"2023-04-26T21:32:28","guid":{"rendered":"http:\/\/lahora.mx\/?p=25492"},"modified":"2023-04-26T21:32:29","modified_gmt":"2023-04-26T21:32:29","slug":"con-extincion-del-insabi-se-garantiza-universalidad-y-gratuidad-de-atencion-medica","status":"publish","type":"post","link":"https:\/\/lahora.mx\/index.php\/2023\/04\/26\/con-extincion-del-insabi-se-garantiza-universalidad-y-gratuidad-de-atencion-medica\/","title":{"rendered":"Con extinci\u00f3n del Insabi se garantiza universalidad y gratuidad de atenci\u00f3n m\u00e9dica"},"content":{"rendered":"\n<p>El secretario de Gobernaci\u00f3n, Ad\u00e1n Augusto L\u00f3pez se pronunci\u00f3 sobre la extinci\u00f3n del Instituto de Salud para el Bienestar (Insabi) al asegurar que con esta medida y la vinculaci\u00f3n al IMSS-Bienestar se garantiza \u00abuniversalidad y gratuidad\u00bb en temas de salud para la poblaci\u00f3n.<\/p>\n\n\n\n<p>Lo anterior lo refiri\u00f3 en la conferencia ma\u00f1anera que encabez\u00f3 en sustituci\u00f3n del presidente Andr\u00e9s Manuel L\u00f3pez Obrador, quien se recupera de covid-19.<\/p>\n\n\n\n<p>En este contexto, el secretario dijo que con la desaparici\u00f3n del Insabi se fortalece el Instituto Mexicano del Seguro Social (IMSS), lo que ser\u00e1 ben\u00e9fico para la poblaci\u00f3n, particularmente para garantizar la universalidad en la atenci\u00f3n m\u00e9dica en zonas rurales y urbanas gracias al programa IMSS-Bienestar.<\/p>\n\n\n\n<p>Hay que reconocer que el IMSS se hab\u00eda venido fortaleciendo a lo largo de los a\u00f1os, se fortalece la atenci\u00f3n de manera directa, inicia, convenido con los estados, la transferencia de activos como hospitales y activos hacia el IMSS; en este caso hacia el IMSS-Bienestar para que todos los mexicanos tengan acceso de manera gratuita\u201d, extern\u00f3 el tabasque\u00f1o.<\/p>\n\n\n\n<p>De acuerdo con Ad\u00e1n Agusto L\u00f3pez con esta medida se consolida la transferencia de activos, hospitales, laboratorios hacia el IMSS-Bienestar para que todos los mexicanos tengan asegurado el acceso gratuito a la salud.<\/p>\n\n\n\n<p>Adem\u00e1s, record\u00f3 que se acostumbraba pagar cuotas de recuperaci\u00f3n que si bien, no eran muy onerosas, ten\u00edan que pagar independientemente de las condiciones de las personas, por muy modestas que fueran, situaci\u00f3n cambiar\u00e1, ya que con el esquema anterior no se daba la gratuidad en el servicio de salud.<\/p>\n\n\n\n<p>En este sentido aclar\u00f3 que con esta reforma se eliminar\u00e1n de forma definitiva este tipo de cuotas, al tiempo que otras funciones del Insabi pasar\u00e1n a la Secretar\u00eda de Salud, como es la compra de medicamentos e insumos m\u00e9dicos.<\/p>\n\n\n\n<p>Por \u00faltimo, dio a conocer que se dar\u00e1 un plazo de 90 d\u00edas para que el secretario de Salud, Jorge Alcocer apruebe la reglamentaci\u00f3n de todas estas tareas.<\/p>\n","protected":false},"excerpt":{"rendered":"<p>El secretario de Gobernaci\u00f3n, Ad\u00e1n Augusto L\u00f3pez se pronunci\u00f3 sobre la extinci\u00f3n del Instituto de Salud para el Bienestar (Insabi) al asegurar que con esta medida y la vinculaci\u00f3n al IMSS-Bienestar se garantiza \u00abuniversalidad y gratuidad\u00bb en temas de salud para la poblaci\u00f3n. Lo anterior lo refiri\u00f3 en la conferencia ma\u00f1anera que encabez\u00f3 en sustituci\u00f3n [&hellip;]<\/p>\n","protected":false},"author":4,"featured_media":25493,"comment_status":"open","ping_status":"open","sticky":false,"template":"","format":"standard","meta":{"om_disable_all_campaigns":false,"_monsterinsights_skip_tracking":false,"_monsterinsights_sitenote_active":false,"_monsterinsights_sitenote_note":"","_monsterinsights_sitenote_category":0,"footnotes":""},"categories":[176],"tags":[195],"class_list":["post-25492","post","type-post","status-publish","format-standard","has-post-thumbnail","hentry","category-nacional","tag-principal"],"amp_enabled":true,"_links":{"self":[{"href":"https:\/\/lahora.mx\/index.php\/wp-json\/wp\/v2\/posts\/25492","targetHints":{"allow":["GET"]}}],"collection":[{"href":"https:\/\/lahora.mx\/index.php\/wp-json\/wp\/v2\/posts"}],"about":[{"href":"https:\/\/lahora.mx\/index.php\/wp-json\/wp\/v2\/types\/post"}],"author":[{"embeddable":true,"href":"https:\/\/lahora.mx\/index.php\/wp-json\/wp\/v2\/users\/4"}],"replies":[{"embeddable":true,"href":"https:\/\/lahora.mx\/index.php\/wp-json\/wp\/v2\/comments?post=25492"}],"version-history":[{"count":1,"href":"https:\/\/lahora.mx\/index.php\/wp-json\/wp\/v2\/posts\/25492\/revisions"}],"predecessor-version":[{"id":25494,"href":"https:\/\/lahora.mx\/index.php\/wp-json\/wp\/v2\/posts\/25492\/revisions\/25494"}],"wp:featuredmedia":[{"embeddable":true,"href":"https:\/\/lahora.mx\/index.php\/wp-json\/wp\/v2\/media\/25493"}],"wp:attachment":[{"href":"https:\/\/lahora.mx\/index.php\/wp-json\/wp\/v2\/media?parent=25492"}],"wp:term":[{"taxonomy":"category","embeddable":true,"href":"https:\/\/lahora.mx\/index.php\/wp-json\/wp\/v2\/categories?post=25492"},{"taxonomy":"post_tag","embeddable":true,"href":"https:\/\/lahora.mx\/index.php\/wp-json\/wp\/v2\/tags?post=25492"}],"curies":[{"name":"wp","href":"https:\/\/api.w.org\/{rel}","templated":true}]}}