{"id":25486,"date":"2023-04-26T17:20:41","date_gmt":"2023-04-26T17:20:41","guid":{"rendered":"http:\/\/lahora.mx\/?p=25486"},"modified":"2023-04-26T17:20:42","modified_gmt":"2023-04-26T17:20:42","slug":"liberan-a-empresario-luis-cobo-tras-dos-anos-en-prision-por-presunto-lavado-de-dinero","status":"publish","type":"post","link":"https:\/\/lahora.mx\/index.php\/2023\/04\/26\/liberan-a-empresario-luis-cobo-tras-dos-anos-en-prision-por-presunto-lavado-de-dinero\/","title":{"rendered":"Liberan a empresario Luis Cobo tras dos a\u00f1os en prisi\u00f3n por presunto lavado de dinero"},"content":{"rendered":"\n<p>El empresario originario de Tehuac\u00e1n, Luis Cobo Fern\u00e1ndez obtuvo su libertad tras dos a\u00f1os de haber estado en la c\u00e1rcel de m\u00e1xima seguridad de Tepexi por supuesto lavado de dinero.<\/p>\n\n\n\n<p>Un juez de control retir\u00f3 la medida de prisi\u00f3n preventiva, por lo que se orden\u00f3 su inmediata liberaci\u00f3n y actualmente ya se encuentra con su familia.<\/p>\n\n\n\n<p>Fue el 10 de abril del 2021, cuando Luis Cobo Fern\u00e1ndez, entonces candidato a diputado federal del distrito XV de Tehuac\u00e1n por la coalici\u00f3n Va Por M\u00e9xico, se encontraba formado en el exterior de la cl\u00ednica 15 del IMSS de Tehuac\u00e1n para recibir la vacuna contra la COVID-19.<\/p>\n\n\n\n<p>Sin embargo, en ese momento arribaron elementos de la Agencia Estatal de Investigaci\u00f3n (AEI), quienes lo detuvieron, posteriormente lo acusaron presuntamente de delitos de Operaciones con Recursos de Procedencia Il\u00edcita y falsificaci\u00f3n de documentos.<\/p>\n\n\n\n<p>Derivado de lo anterior Luis Cobo permaneci\u00f3 por dos a\u00f1os en el Centro de Reinserci\u00f3n Social de Tepexi de Rodr\u00edguez, pero trascendi\u00f3 su liberaci\u00f3n desde el pasado lunes 24 de abril del 2023.<\/p>\n\n\n\n<p>Hasta el momento se desconoce baj\u00f3 que condiciones logr\u00f3 salir de prisi\u00f3n, pero trascendi\u00f3 que se realiz\u00f3 una conmutaci\u00f3n de la pena y comprometi\u00f3 a reparar el da\u00f1o, aunque se espera una versi\u00f3n oficial y m\u00e1s detalles del hecho.<\/p>\n","protected":false},"excerpt":{"rendered":"<p>El empresario originario de Tehuac\u00e1n, Luis Cobo Fern\u00e1ndez obtuvo su libertad tras dos a\u00f1os de haber estado en la c\u00e1rcel de m\u00e1xima seguridad de Tepexi por supuesto lavado de dinero. Un juez de control retir\u00f3 la medida de prisi\u00f3n preventiva, por lo que se orden\u00f3 su inmediata liberaci\u00f3n y actualmente ya se encuentra con su [&hellip;]<\/p>\n","protected":false},"author":4,"featured_media":25487,"comment_status":"open","ping_status":"open","sticky":false,"template":"","format":"standard","meta":{"om_disable_all_campaigns":false,"_monsterinsights_skip_tracking":false,"_monsterinsights_sitenote_active":false,"_monsterinsights_sitenote_note":"","_monsterinsights_sitenote_category":0,"footnotes":""},"categories":[176],"tags":[],"class_list":["post-25486","post","type-post","status-publish","format-standard","has-post-thumbnail","hentry","category-nacional"],"amp_enabled":true,"_links":{"self":[{"href":"https:\/\/lahora.mx\/index.php\/wp-json\/wp\/v2\/posts\/25486","targetHints":{"allow":["GET"]}}],"collection":[{"href":"https:\/\/lahora.mx\/index.php\/wp-json\/wp\/v2\/posts"}],"about":[{"href":"https:\/\/lahora.mx\/index.php\/wp-json\/wp\/v2\/types\/post"}],"author":[{"embeddable":true,"href":"https:\/\/lahora.mx\/index.php\/wp-json\/wp\/v2\/users\/4"}],"replies":[{"embeddable":true,"href":"https:\/\/lahora.mx\/index.php\/wp-json\/wp\/v2\/comments?post=25486"}],"version-history":[{"count":1,"href":"https:\/\/lahora.mx\/index.php\/wp-json\/wp\/v2\/posts\/25486\/revisions"}],"predecessor-version":[{"id":25488,"href":"https:\/\/lahora.mx\/index.php\/wp-json\/wp\/v2\/posts\/25486\/revisions\/25488"}],"wp:featuredmedia":[{"embeddable":true,"href":"https:\/\/lahora.mx\/index.php\/wp-json\/wp\/v2\/media\/25487"}],"wp:attachment":[{"href":"https:\/\/lahora.mx\/index.php\/wp-json\/wp\/v2\/media?parent=25486"}],"wp:term":[{"taxonomy":"category","embeddable":true,"href":"https:\/\/lahora.mx\/index.php\/wp-json\/wp\/v2\/categories?post=25486"},{"taxonomy":"post_tag","embeddable":true,"href":"https:\/\/lahora.mx\/index.php\/wp-json\/wp\/v2\/tags?post=25486"}],"curies":[{"name":"wp","href":"https:\/\/api.w.org\/{rel}","templated":true}]}}