{"id":25477,"date":"2023-04-26T17:00:39","date_gmt":"2023-04-26T17:00:39","guid":{"rendered":"http:\/\/lahora.mx\/?p=25477"},"modified":"2023-04-26T17:00:39","modified_gmt":"2023-04-26T17:00:39","slug":"calles-cerradas-en-puebla-por-ensayo-del-desfile-del-5-de-mayo","status":"publish","type":"post","link":"https:\/\/lahora.mx\/index.php\/2023\/04\/26\/calles-cerradas-en-puebla-por-ensayo-del-desfile-del-5-de-mayo\/","title":{"rendered":"Calles cerradas en Puebla por ensayo del Desfile del 5 de Mayo"},"content":{"rendered":"\n<p>La ma\u00f1ana de este mi\u00e9rcoles se llev\u00f3 a cabo el pase de revista del Desfile Conmemorativo a la Batalla del 5 de Mayo, por lo que diferentes vialidades en el primer cuadro de la ciudad de Puebla y la zona de Los Fuertes quedaron cerradas.<\/p>\n\n\n\n<p>De acuerdo con Tr\u00e1nsito Municipal, las calles cerradas en Puebla por el ensayo del Desfile del 5 de Mayo son:<\/p>\n\n\n\n<p>Calzada I. Zaragoza<br>Bulevar 5 de Mayo y 4 Norte<\/p>\n\n\n\n<p>2 Norte y 28 Oriente<\/p>\n\n\n\n<p>2 Norte y 30 Oriente<br>El cierre de calles en la ciudad inici\u00f3 desde las 6:00 horas y permanecer\u00e1 hasta las 11 de la ma\u00f1ana.<\/p>\n\n\n\n<p>Por cierto, que hoy el gobernador del estado, Sergio Salom\u00f3n C\u00e9spedes Peregrina asisti\u00f3 a la conferencia de prensa del presidente Andr\u00e9s Manuel L\u00f3pez Obrador, donde tuvo una breve participaci\u00f3n, la cual aprovech\u00f3 para invitar a la poblaci\u00f3n tanto a la Feria de Puebla como al Desfile del 5 Mayo.<\/p>\n\n\n\n<p>Por lo pronto si usted transita por la zona le sugerimos tomar sus precauciones y armarse de mucha paciencia ante las calles cerradas en Puebla por el ensayo del desfile del 5 de Mayo.<\/p>\n","protected":false},"excerpt":{"rendered":"<p>La ma\u00f1ana de este mi\u00e9rcoles se llev\u00f3 a cabo el pase de revista del Desfile Conmemorativo a la Batalla del 5 de Mayo, por lo que diferentes vialidades en el primer cuadro de la ciudad de Puebla y la zona de Los Fuertes quedaron cerradas. De acuerdo con Tr\u00e1nsito Municipal, las calles cerradas en Puebla [&hellip;]<\/p>\n","protected":false},"author":4,"featured_media":25478,"comment_status":"open","ping_status":"open","sticky":false,"template":"","format":"standard","meta":{"om_disable_all_campaigns":false,"_monsterinsights_skip_tracking":false,"_monsterinsights_sitenote_active":false,"_monsterinsights_sitenote_note":"","_monsterinsights_sitenote_category":0,"footnotes":""},"categories":[175],"tags":[195,223],"class_list":["post-25477","post","type-post","status-publish","format-standard","has-post-thumbnail","hentry","category-local","tag-principal","tag-puebla"],"amp_enabled":true,"_links":{"self":[{"href":"https:\/\/lahora.mx\/index.php\/wp-json\/wp\/v2\/posts\/25477","targetHints":{"allow":["GET"]}}],"collection":[{"href":"https:\/\/lahora.mx\/index.php\/wp-json\/wp\/v2\/posts"}],"about":[{"href":"https:\/\/lahora.mx\/index.php\/wp-json\/wp\/v2\/types\/post"}],"author":[{"embeddable":true,"href":"https:\/\/lahora.mx\/index.php\/wp-json\/wp\/v2\/users\/4"}],"replies":[{"embeddable":true,"href":"https:\/\/lahora.mx\/index.php\/wp-json\/wp\/v2\/comments?post=25477"}],"version-history":[{"count":1,"href":"https:\/\/lahora.mx\/index.php\/wp-json\/wp\/v2\/posts\/25477\/revisions"}],"predecessor-version":[{"id":25479,"href":"https:\/\/lahora.mx\/index.php\/wp-json\/wp\/v2\/posts\/25477\/revisions\/25479"}],"wp:featuredmedia":[{"embeddable":true,"href":"https:\/\/lahora.mx\/index.php\/wp-json\/wp\/v2\/media\/25478"}],"wp:attachment":[{"href":"https:\/\/lahora.mx\/index.php\/wp-json\/wp\/v2\/media?parent=25477"}],"wp:term":[{"taxonomy":"category","embeddable":true,"href":"https:\/\/lahora.mx\/index.php\/wp-json\/wp\/v2\/categories?post=25477"},{"taxonomy":"post_tag","embeddable":true,"href":"https:\/\/lahora.mx\/index.php\/wp-json\/wp\/v2\/tags?post=25477"}],"curies":[{"name":"wp","href":"https:\/\/api.w.org\/{rel}","templated":true}]}}