{"id":25468,"date":"2023-04-26T16:50:19","date_gmt":"2023-04-26T16:50:19","guid":{"rendered":"http:\/\/lahora.mx\/?p=25468"},"modified":"2023-04-26T16:50:19","modified_gmt":"2023-04-26T16:50:19","slug":"una-mujer-herida-tras-choque-de-patrulla-ssc-puebla-en-san-felipe-hueyotlipan","status":"publish","type":"post","link":"https:\/\/lahora.mx\/index.php\/2023\/04\/26\/una-mujer-herida-tras-choque-de-patrulla-ssc-puebla-en-san-felipe-hueyotlipan\/","title":{"rendered":"Una mujer herida tras choque de patrulla SSC Puebla, en San Felipe Hueyotlipan"},"content":{"rendered":"\n<p>Una mujer result\u00f3 herida, durante el choque entre una motocicleta y una patrulla de la Secretar\u00eda de Seguridad Ciudadana (SSC) de Puebla, en la junta auxiliar de San Felipe Hueyotlipan.<\/p>\n\n\n\n<p>El percance vehicular ocurri\u00f3 la noche del 26 de abril en el cruce de las calles Josefa Ortiz de Dom\u00ednguez y 5 de Febrero.<\/p>\n\n\n\n<p>Vecinos que se percataron de la colisi\u00f3n, solicitaron el apoyo de las asistencias m\u00e9dicas, por lo que al lugar llegaron param\u00e9dicos del SUMA.<\/p>\n\n\n\n<p>Los rescatistas atendieron a una mujer que viajaba en la motocicleta; debido a que presentaba diversas heridas y tuvo que ser trasladada a un hospital para que recibiera la atenci\u00f3n m\u00e9dica necesaria.<\/p>\n\n\n\n<p>La mec\u00e1nica de los hechos oficialmente se desconoce, por lo que ser\u00e1 el peritaje del personal de Tr\u00e1nsito Municipal quien determine la responsabilidad.<\/p>\n\n\n\n<p>Extraoficialmente se dijo que la patrulla no llevaba la torreta encendida, por lo que se descart\u00f3 que se dirigiera a atender alguna emergencia.<\/p>\n\n\n\n<p>Finalmente, las unidades siniestradas fueron retiradas del lugar a trav\u00e9s del servicio de gr\u00faas.<\/p>\n\n\n\n<p>Dos casos esta semana<br>El pasado 24 de abril, otra patrulla de la misma corporaci\u00f3n protagoniz\u00f3 otro choque en la colonia Constituci\u00f3n Mexicana, que dej\u00f3 un polic\u00eda lesionado.<\/p>\n\n\n\n<p>Se trat\u00f3 de la unidad SUP-007, que colision\u00f3 contra una gr\u00faa tipo plataforma.<\/p>\n","protected":false},"excerpt":{"rendered":"<p>Una mujer result\u00f3 herida, durante el choque entre una motocicleta y una patrulla de la Secretar\u00eda de Seguridad Ciudadana (SSC) de Puebla, en la junta auxiliar de San Felipe Hueyotlipan. El percance vehicular ocurri\u00f3 la noche del 26 de abril en el cruce de las calles Josefa Ortiz de Dom\u00ednguez y 5 de Febrero. Vecinos [&hellip;]<\/p>\n","protected":false},"author":4,"featured_media":25469,"comment_status":"open","ping_status":"open","sticky":false,"template":"","format":"standard","meta":{"om_disable_all_campaigns":false,"_monsterinsights_skip_tracking":false,"_monsterinsights_sitenote_active":false,"_monsterinsights_sitenote_note":"","_monsterinsights_sitenote_category":0,"footnotes":""},"categories":[175],"tags":[223],"class_list":["post-25468","post","type-post","status-publish","format-standard","has-post-thumbnail","hentry","category-local","tag-puebla"],"amp_enabled":true,"_links":{"self":[{"href":"https:\/\/lahora.mx\/index.php\/wp-json\/wp\/v2\/posts\/25468","targetHints":{"allow":["GET"]}}],"collection":[{"href":"https:\/\/lahora.mx\/index.php\/wp-json\/wp\/v2\/posts"}],"about":[{"href":"https:\/\/lahora.mx\/index.php\/wp-json\/wp\/v2\/types\/post"}],"author":[{"embeddable":true,"href":"https:\/\/lahora.mx\/index.php\/wp-json\/wp\/v2\/users\/4"}],"replies":[{"embeddable":true,"href":"https:\/\/lahora.mx\/index.php\/wp-json\/wp\/v2\/comments?post=25468"}],"version-history":[{"count":1,"href":"https:\/\/lahora.mx\/index.php\/wp-json\/wp\/v2\/posts\/25468\/revisions"}],"predecessor-version":[{"id":25470,"href":"https:\/\/lahora.mx\/index.php\/wp-json\/wp\/v2\/posts\/25468\/revisions\/25470"}],"wp:featuredmedia":[{"embeddable":true,"href":"https:\/\/lahora.mx\/index.php\/wp-json\/wp\/v2\/media\/25469"}],"wp:attachment":[{"href":"https:\/\/lahora.mx\/index.php\/wp-json\/wp\/v2\/media?parent=25468"}],"wp:term":[{"taxonomy":"category","embeddable":true,"href":"https:\/\/lahora.mx\/index.php\/wp-json\/wp\/v2\/categories?post=25468"},{"taxonomy":"post_tag","embeddable":true,"href":"https:\/\/lahora.mx\/index.php\/wp-json\/wp\/v2\/tags?post=25468"}],"curies":[{"name":"wp","href":"https:\/\/api.w.org\/{rel}","templated":true}]}}