{"id":25462,"date":"2023-04-26T15:44:11","date_gmt":"2023-04-26T15:44:11","guid":{"rendered":"http:\/\/lahora.mx\/?p=25462"},"modified":"2023-04-26T15:44:12","modified_gmt":"2023-04-26T15:44:12","slug":"lopez-obrador-retomara-actividades-antes-del-fin-de-semana-tras-contagio-de-covid-19","status":"publish","type":"post","link":"https:\/\/lahora.mx\/index.php\/2023\/04\/26\/lopez-obrador-retomara-actividades-antes-del-fin-de-semana-tras-contagio-de-covid-19\/","title":{"rendered":"L\u00f3pez Obrador retomar\u00e1 actividades antes del fin de semana tras contagio de covid-19"},"content":{"rendered":"\n<p>El presidente Andr\u00e9s Manuel L\u00f3pez Obrador contin\u00faa recuper\u00e1ndose de su tercer contagio de covid-19 y cada d\u00eda presenta menos s\u00edntomas, por lo que antes del fin de semana retomar\u00eda sus actividades normales, asegur\u00f3 el secretario de Gobernaci\u00f3n, Ad\u00e1n Augusto L\u00f3pez.<\/p>\n\n\n\n<p>\u00abEl presidente contin\u00faa recuper\u00e1ndose, ya cada d\u00eda son menos los s\u00edntomas, la sintomatolog\u00eda asociada a covid-19\u00bb, dijo el titular de Segob en la ma\u00f1anera del 26 de abril y dijo que esta ma\u00f1ana el secretario de Salud, Jorge Alcocer, les dio a conocer el nuevo parte de salud del mandatario.<\/p>\n\n\n\n<p>El secretario de Gobernaci\u00f3n agreg\u00f3 que L\u00f3pez Obrador contin\u00faa en aislamiento y reiter\u00f3 que ser\u00e1 antes del fin de semana, de acuerdo con los m\u00e9dicos, cuando el mandatario retomar\u00e1 sus actividades de manera presencial.<\/p>\n\n\n\n<p>L\u00f3pez Obrador ser\u00e1 dado de alta en los pr\u00f3ximos d\u00edas<\/p>\n\n\n\n<p>El secretario de Salud, Jorge Alcocer, inform\u00f3 en la ma\u00f1anera del martes que el estado de salud de L\u00f3pez Obrador era \u201cbueno\u201d y que ante su evoluci\u00f3n favorable ser\u00eda dado de alta en los pr\u00f3ximos d\u00edas.<\/p>\n\n\n\n<p>\u201cEn unos d\u00edas ser\u00e1 dado de alta, en esencia lo que requiere es descanso\u201d, dijo el funcionario en la conferencia del 25 de abril.<\/p>\n\n\n\n<p>Para hacer frente a su nuevo contagio de covid-19, el presidente toma paracetamol y muchos l\u00edquidos, adem\u00e1s de que ha descansado para recuperarse.<\/p>\n\n\n\n<p>Los s\u00edntomas que presenta por covid-19 son leves, ya que tiene inflamaci\u00f3n de v\u00edas respiratorias, fiebre y cansancio.<\/p>\n","protected":false},"excerpt":{"rendered":"<p>El presidente Andr\u00e9s Manuel L\u00f3pez Obrador contin\u00faa recuper\u00e1ndose de su tercer contagio de covid-19 y cada d\u00eda presenta menos s\u00edntomas, por lo que antes del fin de semana retomar\u00eda sus actividades normales, asegur\u00f3 el secretario de Gobernaci\u00f3n, Ad\u00e1n Augusto L\u00f3pez. \u00abEl presidente contin\u00faa recuper\u00e1ndose, ya cada d\u00eda son menos los s\u00edntomas, la sintomatolog\u00eda asociada a [&hellip;]<\/p>\n","protected":false},"author":4,"featured_media":25463,"comment_status":"open","ping_status":"open","sticky":false,"template":"","format":"standard","meta":{"om_disable_all_campaigns":false,"_monsterinsights_skip_tracking":false,"_monsterinsights_sitenote_active":false,"_monsterinsights_sitenote_note":"","_monsterinsights_sitenote_category":0,"footnotes":""},"categories":[176],"tags":[195],"class_list":["post-25462","post","type-post","status-publish","format-standard","has-post-thumbnail","hentry","category-nacional","tag-principal"],"amp_enabled":true,"_links":{"self":[{"href":"https:\/\/lahora.mx\/index.php\/wp-json\/wp\/v2\/posts\/25462","targetHints":{"allow":["GET"]}}],"collection":[{"href":"https:\/\/lahora.mx\/index.php\/wp-json\/wp\/v2\/posts"}],"about":[{"href":"https:\/\/lahora.mx\/index.php\/wp-json\/wp\/v2\/types\/post"}],"author":[{"embeddable":true,"href":"https:\/\/lahora.mx\/index.php\/wp-json\/wp\/v2\/users\/4"}],"replies":[{"embeddable":true,"href":"https:\/\/lahora.mx\/index.php\/wp-json\/wp\/v2\/comments?post=25462"}],"version-history":[{"count":1,"href":"https:\/\/lahora.mx\/index.php\/wp-json\/wp\/v2\/posts\/25462\/revisions"}],"predecessor-version":[{"id":25464,"href":"https:\/\/lahora.mx\/index.php\/wp-json\/wp\/v2\/posts\/25462\/revisions\/25464"}],"wp:featuredmedia":[{"embeddable":true,"href":"https:\/\/lahora.mx\/index.php\/wp-json\/wp\/v2\/media\/25463"}],"wp:attachment":[{"href":"https:\/\/lahora.mx\/index.php\/wp-json\/wp\/v2\/media?parent=25462"}],"wp:term":[{"taxonomy":"category","embeddable":true,"href":"https:\/\/lahora.mx\/index.php\/wp-json\/wp\/v2\/categories?post=25462"},{"taxonomy":"post_tag","embeddable":true,"href":"https:\/\/lahora.mx\/index.php\/wp-json\/wp\/v2\/tags?post=25462"}],"curies":[{"name":"wp","href":"https:\/\/api.w.org\/{rel}","templated":true}]}}