{"id":25459,"date":"2023-04-26T15:33:28","date_gmt":"2023-04-26T15:33:28","guid":{"rendered":"http:\/\/lahora.mx\/?p=25459"},"modified":"2023-04-26T15:33:28","modified_gmt":"2023-04-26T15:33:28","slug":"la-reunion-con-gobernadores-sera-sobre-la-estrategia-de-seguridad","status":"publish","type":"post","link":"https:\/\/lahora.mx\/index.php\/2023\/04\/26\/la-reunion-con-gobernadores-sera-sobre-la-estrategia-de-seguridad\/","title":{"rendered":"La reuni\u00f3n con gobernadores ser\u00e1 sobre la estrategia de seguridad"},"content":{"rendered":"\n<p>El secretario de Gobernaci\u00f3n, Ad\u00e1n Augusto L\u00f3pez Hern\u00e1ndez, explic\u00f3 que 20 de los 32 gobernadores del pa\u00eds fueron convocados esta ma\u00f1ana a Palacio Nacional a una reuni\u00f3n en la que se abordar\u00e1 la estrategia de seguridad p\u00fablica.<\/p>\n\n\n\n<p>\u201cEst\u00e1 confirmada la presencia de 20 gobernadores y pues todo va en el marco de la revisi\u00f3n que se hace peri\u00f3dicamente a la estrategia nacional de seguridad\u201d, explic\u00f3.<\/p>\n\n\n\n<p>Desde la tarde de este martes se inform\u00f3 que los gobernadores de Morena fueron convocados a una reuni\u00f3n en Palacio Nacional.<\/p>\n\n\n\n<p>Este mi\u00e9rcoles el secretario confirm\u00f3 el encuentro, el cual, dijo, ser\u00e1 en dos partes: hoy con los gobernadores de Morena y la pr\u00f3xima semana con los de la oposici\u00f3n.<\/p>\n\n\n\n<p>\u201cEs una reuni\u00f3n que hab\u00eda sido convocada desde finales de la semana pasada. Es un ejercicio que se divide en dos bloques, el d\u00eda de hoy estar\u00e1n presentes seguramente 20 gobernadores, posteriormente, la siguiente semana, otra reuni\u00f3n. Se est\u00e1 convocando una reuni\u00f3n con 12 gobernadores, es una reuni\u00f3n de trabajo\u201d, dijo.<\/p>\n\n\n\n<p><br>Convocan a gobernadores de la 4T a reuni\u00f3n en Palacio Nacional<br>El secretario explic\u00f3 que esta reuni\u00f3n estaba programada desde la semana pasada. Ante el padecimiento de covid-19 del presidente L\u00f3pez Obrador, el encuentro ser\u00e1 encabezado por \u00e9l, por la secretaria de Seguridad P\u00fablica, Rosa Icela Rodr\u00edguez, y por el subsecretario de Derechos Humanos, Poblaci\u00f3n y Migraci\u00f3n de la Secretar\u00eda de Gobernaci\u00f3n, Alejandro Encinas.<\/p>\n\n\n\n<p><\/p>\n","protected":false},"excerpt":{"rendered":"<p>El secretario de Gobernaci\u00f3n, Ad\u00e1n Augusto L\u00f3pez Hern\u00e1ndez, explic\u00f3 que 20 de los 32 gobernadores del pa\u00eds fueron convocados esta ma\u00f1ana a Palacio Nacional a una reuni\u00f3n en la que se abordar\u00e1 la estrategia de seguridad p\u00fablica. \u201cEst\u00e1 confirmada la presencia de 20 gobernadores y pues todo va en el marco de la revisi\u00f3n que [&hellip;]<\/p>\n","protected":false},"author":4,"featured_media":25460,"comment_status":"open","ping_status":"open","sticky":false,"template":"","format":"standard","meta":{"om_disable_all_campaigns":false,"_monsterinsights_skip_tracking":false,"_monsterinsights_sitenote_active":false,"_monsterinsights_sitenote_note":"","_monsterinsights_sitenote_category":0,"footnotes":""},"categories":[176],"tags":[195],"class_list":["post-25459","post","type-post","status-publish","format-standard","has-post-thumbnail","hentry","category-nacional","tag-principal"],"amp_enabled":true,"_links":{"self":[{"href":"https:\/\/lahora.mx\/index.php\/wp-json\/wp\/v2\/posts\/25459","targetHints":{"allow":["GET"]}}],"collection":[{"href":"https:\/\/lahora.mx\/index.php\/wp-json\/wp\/v2\/posts"}],"about":[{"href":"https:\/\/lahora.mx\/index.php\/wp-json\/wp\/v2\/types\/post"}],"author":[{"embeddable":true,"href":"https:\/\/lahora.mx\/index.php\/wp-json\/wp\/v2\/users\/4"}],"replies":[{"embeddable":true,"href":"https:\/\/lahora.mx\/index.php\/wp-json\/wp\/v2\/comments?post=25459"}],"version-history":[{"count":1,"href":"https:\/\/lahora.mx\/index.php\/wp-json\/wp\/v2\/posts\/25459\/revisions"}],"predecessor-version":[{"id":25461,"href":"https:\/\/lahora.mx\/index.php\/wp-json\/wp\/v2\/posts\/25459\/revisions\/25461"}],"wp:featuredmedia":[{"embeddable":true,"href":"https:\/\/lahora.mx\/index.php\/wp-json\/wp\/v2\/media\/25460"}],"wp:attachment":[{"href":"https:\/\/lahora.mx\/index.php\/wp-json\/wp\/v2\/media?parent=25459"}],"wp:term":[{"taxonomy":"category","embeddable":true,"href":"https:\/\/lahora.mx\/index.php\/wp-json\/wp\/v2\/categories?post=25459"},{"taxonomy":"post_tag","embeddable":true,"href":"https:\/\/lahora.mx\/index.php\/wp-json\/wp\/v2\/tags?post=25459"}],"curies":[{"name":"wp","href":"https:\/\/api.w.org\/{rel}","templated":true}]}}