{"id":25447,"date":"2023-04-26T01:37:40","date_gmt":"2023-04-26T01:37:40","guid":{"rendered":"http:\/\/lahora.mx\/?p=25447"},"modified":"2023-04-26T01:37:40","modified_gmt":"2023-04-26T01:37:40","slug":"inflacion-en-mexico-ya-llega-a-un-nivel-maximo","status":"publish","type":"post","link":"https:\/\/lahora.mx\/index.php\/2023\/04\/26\/inflacion-en-mexico-ya-llega-a-un-nivel-maximo\/","title":{"rendered":"Inflaci\u00f3n en M\u00e9xico ya llega a un nivel m\u00e1ximo"},"content":{"rendered":"\n<p>Al comparecer ante senadores, la gobernadora del Banco de M\u00e9xico, Victoria Rodr\u00edguez Ceja, afirm\u00f3 que la ola inflacionaria que afecta a M\u00e9xico desde 2022 ya lleg\u00f3 a sus indicadores m\u00e1ximos, por lo que se espera una moderaci\u00f3n en el precio de productos y mercanc\u00edas.<\/p>\n\n\n\n<p>Rodr\u00edguez dijo que el pico de inflaci\u00f3n ocurri\u00f3 en agosto y septiembre pasado y que ha iniciado un camino a la baja. En la primera quincena de abril, la inflaci\u00f3n general fue de 6.24%.<\/p>\n\n\n\n<p>Sin embargo, la inflaci\u00f3n subyacente, que es un mejor par\u00e1metro para medir los precios porque elimina la volatilidad, sigue en niveles elevados por arriba del 7%.<\/p>\n\n\n\n<p>\u00abNecesitamos consolidar la disminuci\u00f3n de la inflaci\u00f3n y estaremos evaluando en cada una de las pr\u00f3ximas decisiones el panorama inflacionario para continuar con el compromiso que tiene el Banco de M\u00e9xico\u00bb, indic\u00f3 indic\u00f3 la gobernadora de Banxico.<br>Victoria Rodr\u00edguez Ceja dijo que el banco central podr\u00eda pausar el ciclo de aumentos en la tasa de referencia, o tasa de inter\u00e9s para inversionistas, ante datos de inflaci\u00f3n mejor de lo esperado.<\/p>\n\n\n\n<p>\u00abEstar\u00edamos considerando el panorama inflacionario, pero tambi\u00e9n estaremos evaluando y no ser\u00e1 una sorpresa hacer un alto a los incrementos (de las tasas)\u00bb, dijo Rodr\u00edguez.<\/p>\n\n\n\n<p>La gobernadora de Banxico detall\u00f3 que desde junio del 2021 el banco central ha subido la tasa de referencia en 725 puntos y que no est\u00e1 en la mesa la posibilidad de bajar la tasa.<\/p>\n\n\n\n<p>\u201cTenemos que evaluar en la Junta de Gobierno, en nuestra pr\u00f3xima decisi\u00f3n, del 18 de mayo, pero ante estos dos factores muy importantes estaremos evaluando y probablemente no ser\u00eda una sorpresa que evaluemos la posibilidad de hacer un alto en la tasa; la perspectiva hacia adelante.<\/p>\n\n\n\n<p>\u201cAl menos en las pr\u00f3ximas decisiones no estamos todav\u00eda discutiendo la posibilidad de tener una disminuci\u00f3n en la tasa; necesitamos consolidar la disminuci\u00f3n de la inflaci\u00f3n y estaremos evaluando\u201d, precis\u00f3 Rodr\u00edguez Ceja.<\/p>\n\n\n\n<p>PIB de M\u00e9xico para 2023 y 2024<\/p>\n\n\n\n<p>Por otra parte, durante su presentaci\u00f3n en el Senado ubic\u00f3 para el cierre de 2023 el crecimiento del Producto Interno Bruto (PIB) en 1.6%, entre la menor expectativa de 0.8% y el mejor pron\u00f3stico en 2.4%, mientras que para 2024, estim\u00f3 un crecimiento econ\u00f3mico de 1.8%.<\/p>\n\n\n\n<p>\u201cActualmente, el Banco de M\u00e9xico anticipa que el crecimiento del PIB para 2023 se ubique entre 0.8 y 2.4% con una estimaci\u00f3n central de 1.6%, en tanto que para 2024, se prev\u00e9 un crecimiento de la econom\u00eda de entre 0.8 y 2.8% con una previsi\u00f3n central de 1.8%\u201d, apunt\u00f3.<\/p>\n","protected":false},"excerpt":{"rendered":"<p>Al comparecer ante senadores, la gobernadora del Banco de M\u00e9xico, Victoria Rodr\u00edguez Ceja, afirm\u00f3 que la ola inflacionaria que afecta a M\u00e9xico desde 2022 ya lleg\u00f3 a sus indicadores m\u00e1ximos, por lo que se espera una moderaci\u00f3n en el precio de productos y mercanc\u00edas. Rodr\u00edguez dijo que el pico de inflaci\u00f3n ocurri\u00f3 en agosto y [&hellip;]<\/p>\n","protected":false},"author":4,"featured_media":25448,"comment_status":"open","ping_status":"open","sticky":false,"template":"","format":"standard","meta":{"om_disable_all_campaigns":false,"_monsterinsights_skip_tracking":false,"_monsterinsights_sitenote_active":false,"_monsterinsights_sitenote_note":"","_monsterinsights_sitenote_category":0,"footnotes":""},"categories":[176],"tags":[195],"class_list":["post-25447","post","type-post","status-publish","format-standard","has-post-thumbnail","hentry","category-nacional","tag-principal"],"amp_enabled":true,"_links":{"self":[{"href":"https:\/\/lahora.mx\/index.php\/wp-json\/wp\/v2\/posts\/25447","targetHints":{"allow":["GET"]}}],"collection":[{"href":"https:\/\/lahora.mx\/index.php\/wp-json\/wp\/v2\/posts"}],"about":[{"href":"https:\/\/lahora.mx\/index.php\/wp-json\/wp\/v2\/types\/post"}],"author":[{"embeddable":true,"href":"https:\/\/lahora.mx\/index.php\/wp-json\/wp\/v2\/users\/4"}],"replies":[{"embeddable":true,"href":"https:\/\/lahora.mx\/index.php\/wp-json\/wp\/v2\/comments?post=25447"}],"version-history":[{"count":1,"href":"https:\/\/lahora.mx\/index.php\/wp-json\/wp\/v2\/posts\/25447\/revisions"}],"predecessor-version":[{"id":25455,"href":"https:\/\/lahora.mx\/index.php\/wp-json\/wp\/v2\/posts\/25447\/revisions\/25455"}],"wp:featuredmedia":[{"embeddable":true,"href":"https:\/\/lahora.mx\/index.php\/wp-json\/wp\/v2\/media\/25448"}],"wp:attachment":[{"href":"https:\/\/lahora.mx\/index.php\/wp-json\/wp\/v2\/media?parent=25447"}],"wp:term":[{"taxonomy":"category","embeddable":true,"href":"https:\/\/lahora.mx\/index.php\/wp-json\/wp\/v2\/categories?post=25447"},{"taxonomy":"post_tag","embeddable":true,"href":"https:\/\/lahora.mx\/index.php\/wp-json\/wp\/v2\/tags?post=25447"}],"curies":[{"name":"wp","href":"https:\/\/api.w.org\/{rel}","templated":true}]}}