{"id":25439,"date":"2023-04-26T01:15:57","date_gmt":"2023-04-26T01:15:57","guid":{"rendered":"http:\/\/lahora.mx\/?p=25439"},"modified":"2023-04-26T01:15:57","modified_gmt":"2023-04-26T01:15:57","slug":"senado-modifica-ley-de-comunicacion-social","status":"publish","type":"post","link":"https:\/\/lahora.mx\/index.php\/2023\/04\/26\/senado-modifica-ley-de-comunicacion-social\/","title":{"rendered":"Senado modifica Ley de Comunicaci\u00f3n Social"},"content":{"rendered":"\n<p>El pleno del Senado de la Rep\u00fablica aprob\u00f3 hoy martes la Ley General de Comunicaci\u00f3n Social con la que los estados y municipios del pa\u00eds autorizar\u00e1n sus propios montos destinados a publicidad.<\/p>\n\n\n\n<p>La modificaci\u00f3n tuvo lugar durante la sesi\u00f3n ordinaria de este martes 25 de abril e implica la eliminaci\u00f3n de la limitante que obliga tanto a estados como a municipios a gastar apenas el 0.1 por ciento de su Presupuesto de Egresos.<\/p>\n\n\n\n<p>Ya con el visto bueno de las y los senadores, esta Ley fue remitida al Ejecutivo para los efectos constitucionales y su posterior decreto.<\/p>\n\n\n\n<p>Ley General de Comunicaci\u00f3n Social, aprobada por mayor\u00eda<\/p>\n\n\n\n<p>El conteo registr\u00f3 un total de 93 votos por unanimidad que aprobaron en lo general y particular la reforma para dar a las entidades federativas y municipios mexicanos la oportunidad de determinar su propio gasto.<\/p>\n\n\n\n<p>Puntualmente, el dictamen consiste en reformar el \u00faltimo p\u00e1rrafo del art\u00edculo 26 de la Ley General de Comunicaci\u00f3n Social, lo que a su vez permite resarcir un art\u00edculo del denominado \u201cPlan B\u201d.<\/p>\n\n\n\n<p>Dami\u00e1n Zepeda, senador de la bancada panista, indic\u00f3 que la correcci\u00f3n se debe a que el tope para gobiernos en materia de comunicaci\u00f3n social va contra el ejercicio del gasto p\u00fablico de estados y municipios, \u201cviolaci\u00f3n\u201d que se advirti\u00f3 desde diciembre, apunt\u00f3 Germ\u00e1n Mart\u00ednez, del Grupo Plural.<\/p>\n\n\n\n<p>M\u00f3nica Fern\u00e1ndez, presidenta de la Comisi\u00f3n de Gobernaci\u00f3n, subray\u00f3 que la importancia de que los gobiernos locales establezcan su propio tope de gastos en comunicaci\u00f3n social radica en que cada regi\u00f3n tiene una forma distinta de comunicarse con la poblaci\u00f3n, por lo que \u2013dijo\u2013 la aprobaci\u00f3n de esta reforma toma en cuenta las caracter\u00edsticas geogr\u00e1ficas, sociales, econ\u00f3micas y culturales para cada regi\u00f3n.<\/p>\n\n\n\n<p>No obstante, indic\u00f3 que la autonom\u00eda de estados y municipios para establecer su l\u00edmite de gastos en comunicaci\u00f3n social tambi\u00e9n debe apegarse a los principios de austeridad republicana, racionalidad y eficacia para emular los l\u00edmites establecidos por el gobierno federal.<\/p>\n\n\n\n<p>Por otro lado, Rafael Espino de la Pe\u00f1a, presidente de la Comisi\u00f3n de Estudios Legislativos Segunda, describi\u00f3 que establecer l\u00edmites fijos se trataba de una \u201cinvasi\u00f3n de facultades para la Federaci\u00f3n\u201d hacia gobiernos locales, determinando que lo correcto es que sean ellos quienes determinen su propio l\u00edmite de gastos conforme sus circunstancias.<\/p>\n\n\n\n<p>El proyecto de decreto que reforma el p\u00e1rrafo \u00faltimo del art\u00edculo 26 de la Ley General de Comunicaci\u00f3n Social fue remitido al Ejecutivo Federal para efectos constitucionales.<\/p>\n","protected":false},"excerpt":{"rendered":"<p>El pleno del Senado de la Rep\u00fablica aprob\u00f3 hoy martes la Ley General de Comunicaci\u00f3n Social con la que los estados y municipios del pa\u00eds autorizar\u00e1n sus propios montos destinados a publicidad. La modificaci\u00f3n tuvo lugar durante la sesi\u00f3n ordinaria de este martes 25 de abril e implica la eliminaci\u00f3n de la limitante que obliga [&hellip;]<\/p>\n","protected":false},"author":4,"featured_media":25442,"comment_status":"open","ping_status":"open","sticky":false,"template":"","format":"standard","meta":{"om_disable_all_campaigns":false,"_monsterinsights_skip_tracking":false,"_monsterinsights_sitenote_active":false,"_monsterinsights_sitenote_note":"","_monsterinsights_sitenote_category":0,"footnotes":""},"categories":[176],"tags":[195,223],"class_list":["post-25439","post","type-post","status-publish","format-standard","has-post-thumbnail","hentry","category-nacional","tag-principal","tag-puebla"],"amp_enabled":true,"_links":{"self":[{"href":"https:\/\/lahora.mx\/index.php\/wp-json\/wp\/v2\/posts\/25439","targetHints":{"allow":["GET"]}}],"collection":[{"href":"https:\/\/lahora.mx\/index.php\/wp-json\/wp\/v2\/posts"}],"about":[{"href":"https:\/\/lahora.mx\/index.php\/wp-json\/wp\/v2\/types\/post"}],"author":[{"embeddable":true,"href":"https:\/\/lahora.mx\/index.php\/wp-json\/wp\/v2\/users\/4"}],"replies":[{"embeddable":true,"href":"https:\/\/lahora.mx\/index.php\/wp-json\/wp\/v2\/comments?post=25439"}],"version-history":[{"count":1,"href":"https:\/\/lahora.mx\/index.php\/wp-json\/wp\/v2\/posts\/25439\/revisions"}],"predecessor-version":[{"id":25443,"href":"https:\/\/lahora.mx\/index.php\/wp-json\/wp\/v2\/posts\/25439\/revisions\/25443"}],"wp:featuredmedia":[{"embeddable":true,"href":"https:\/\/lahora.mx\/index.php\/wp-json\/wp\/v2\/media\/25442"}],"wp:attachment":[{"href":"https:\/\/lahora.mx\/index.php\/wp-json\/wp\/v2\/media?parent=25439"}],"wp:term":[{"taxonomy":"category","embeddable":true,"href":"https:\/\/lahora.mx\/index.php\/wp-json\/wp\/v2\/categories?post=25439"},{"taxonomy":"post_tag","embeddable":true,"href":"https:\/\/lahora.mx\/index.php\/wp-json\/wp\/v2\/tags?post=25439"}],"curies":[{"name":"wp","href":"https:\/\/api.w.org\/{rel}","templated":true}]}}