{"id":25438,"date":"2023-04-26T01:06:09","date_gmt":"2023-04-26T01:06:09","guid":{"rendered":"http:\/\/lahora.mx\/?p=25438"},"modified":"2023-04-26T01:06:09","modified_gmt":"2023-04-26T01:06:09","slug":"mexico-con-potencial-economico-para-ser-punto-de-desarrollo-del-continente-alejandro-armenta","status":"publish","type":"post","link":"https:\/\/lahora.mx\/index.php\/2023\/04\/26\/mexico-con-potencial-economico-para-ser-punto-de-desarrollo-del-continente-alejandro-armenta\/","title":{"rendered":"M\u00e9xico, con potencial econ\u00f3mico para ser punto de desarrollo del continente: Alejandro Armenta"},"content":{"rendered":"\n<p>El presidente de la Mesa Directiva del Senado, Alejandro Armenta, en compa\u00f1\u00eda del embajador de Italia en M\u00e9xico, Luigi De Chiara, se reuni\u00f3 con empresarios italianos establecidos en Puebla y con representantes del Consejo Coordinador Empresarial local y hombres de negocios, con el objetivo de fortalecer las relaciones comerciales y diplom\u00e1ticas entre ambas naciones, as\u00ed como escuchar los puntos de vista.<\/p>\n\n\n\n<p>En el encuentro, que forma parte de la Agenda Diplom\u00e1tica con las Embajadas, el legislador poblano destac\u00f3 que para alcanzar el desarrollo sustentable para 2030 se requiere consolidar gobiernos inclusivos que utilicen la tecnolog\u00eda, defiendan los derechos, apoyen a las micro y peque\u00f1as empresas locales, adem\u00e1s de que logren elevar la calidad de vida de la poblaci\u00f3n con oportunidades para todos.<\/p>\n\n\n\n<p>\u201cEsta combinaci\u00f3n de gobiernos inclusivos, implica alentar a empresas inclusivas, que cuiden el medio ambiente, que permitan la transferencia de tecnolog\u00eda y que sean capaces de comprender que el desarrollo de los pa\u00edses est\u00e1 en el modelo end\u00f3geno, por ello la presencia del embajador ha sido muy importante\u201d.<\/p>\n\n\n\n<p>El legislador de Morena expuso que M\u00e9xico cuenta con recursos naturales como plata, oro, zinc, litio, pero se debe poner un valor agregado, a fin de potencializar la econom\u00eda nacional.<\/p>\n\n\n\n<p>Por su parte, Luigi De Chiara, embajador de Italia en M\u00e9xico, expuso que nuestro pa\u00eds recomend\u00f3 una promoci\u00f3n fuerte de turismo y no s\u00f3lo enfocada a los negocios, a fin de impulsar otro tipo de intercambios, y que dicha promoci\u00f3n se enfoque a pa\u00edses de Europa.<\/p>\n\n\n\n<p>Por su parte, las y los empresarios agradecieron la realizaci\u00f3n de este tipo de encuentros, pues consideraron que coadyuvan a mantener la cercan\u00eda entre ambos pa\u00edses, intercambiar inquietudes y con representantes del Poder Legislativo, as\u00ed como de otras naciones.<\/p>\n","protected":false},"excerpt":{"rendered":"<p>El presidente de la Mesa Directiva del Senado, Alejandro Armenta, en compa\u00f1\u00eda del embajador de Italia en M\u00e9xico, Luigi De Chiara, se reuni\u00f3 con empresarios italianos establecidos en Puebla y con representantes del Consejo Coordinador Empresarial local y hombres de negocios, con el objetivo de fortalecer las relaciones comerciales y diplom\u00e1ticas entre ambas naciones, as\u00ed [&hellip;]<\/p>\n","protected":false},"author":4,"featured_media":25440,"comment_status":"open","ping_status":"open","sticky":false,"template":"","format":"standard","meta":{"om_disable_all_campaigns":false,"_monsterinsights_skip_tracking":false,"_monsterinsights_sitenote_active":false,"_monsterinsights_sitenote_note":"","_monsterinsights_sitenote_category":0,"footnotes":""},"categories":[175],"tags":[223],"class_list":["post-25438","post","type-post","status-publish","format-standard","has-post-thumbnail","hentry","category-local","tag-puebla"],"amp_enabled":true,"_links":{"self":[{"href":"https:\/\/lahora.mx\/index.php\/wp-json\/wp\/v2\/posts\/25438","targetHints":{"allow":["GET"]}}],"collection":[{"href":"https:\/\/lahora.mx\/index.php\/wp-json\/wp\/v2\/posts"}],"about":[{"href":"https:\/\/lahora.mx\/index.php\/wp-json\/wp\/v2\/types\/post"}],"author":[{"embeddable":true,"href":"https:\/\/lahora.mx\/index.php\/wp-json\/wp\/v2\/users\/4"}],"replies":[{"embeddable":true,"href":"https:\/\/lahora.mx\/index.php\/wp-json\/wp\/v2\/comments?post=25438"}],"version-history":[{"count":1,"href":"https:\/\/lahora.mx\/index.php\/wp-json\/wp\/v2\/posts\/25438\/revisions"}],"predecessor-version":[{"id":25441,"href":"https:\/\/lahora.mx\/index.php\/wp-json\/wp\/v2\/posts\/25438\/revisions\/25441"}],"wp:featuredmedia":[{"embeddable":true,"href":"https:\/\/lahora.mx\/index.php\/wp-json\/wp\/v2\/media\/25440"}],"wp:attachment":[{"href":"https:\/\/lahora.mx\/index.php\/wp-json\/wp\/v2\/media?parent=25438"}],"wp:term":[{"taxonomy":"category","embeddable":true,"href":"https:\/\/lahora.mx\/index.php\/wp-json\/wp\/v2\/categories?post=25438"},{"taxonomy":"post_tag","embeddable":true,"href":"https:\/\/lahora.mx\/index.php\/wp-json\/wp\/v2\/tags?post=25438"}],"curies":[{"name":"wp","href":"https:\/\/api.w.org\/{rel}","templated":true}]}}