{"id":25133,"date":"2023-04-19T17:54:44","date_gmt":"2023-04-19T17:54:44","guid":{"rendered":"http:\/\/lahora.mx\/?p=25133"},"modified":"2023-04-19T17:54:44","modified_gmt":"2023-04-19T17:54:44","slug":"disminuye-la-percepcion-de-puebla-en-la-inseguridad","status":"publish","type":"post","link":"https:\/\/lahora.mx\/index.php\/2023\/04\/19\/disminuye-la-percepcion-de-puebla-en-la-inseguridad\/","title":{"rendered":"Disminuye la percepci\u00f3n de Puebla en la  inseguridad"},"content":{"rendered":"\n<p>En el primer trimestre del a\u00f1o, en la Ciudad de Puebla disminuy\u00f3 5.5 puntos la percepci\u00f3n de inseguridad, pues el porcentaje de la poblaci\u00f3n que considera vivir insegura es de 70.4 por ciento de la poblaci\u00f3n; mientras que al cierre del \u00faltimo trimestre del a\u00f1o pasado 75.9 por ciento de la poblaci\u00f3n consideraba vivir insegura.<\/p>\n\n\n\n<p>Los datos son resultado de la Encuesta Nacional de Seguridad levant\u00f3 la Encuesta Nacional de Seguridad<br>P\u00fablica Urbana (ENSU) del INEGI, correspondiente al primer trimestre de 2023.<\/p>\n\n\n\n<p>El documento que se public\u00f3 este d\u00eda refiere que, hasta marzo de este a\u00f1o 62.1 por ciento de la poblaci\u00f3n de 18 a\u00f1os y m\u00e1s, residente en 75 ciudades consider\u00f3 que es inseguro vivir en su ciudad.<\/p>\n\n\n\n<p>Las ciudades m\u00e1s inseguras son Fresnillo, Zacatecas, Coatzacoalcos, Ciudad Obreg\u00f3n, San Luis Potos\u00ed, Oaxaca Naucalpan, Uruapan y Canc\u00fan, en donde entre el 70 y 90 por ciento de la poblaci\u00f3n se siente insegura.<\/p>\n\n\n\n<p>Puerto Vallarta, Tepic, San Pedro Garza Garc\u00eda y Mazatl\u00e1n, son las Ciudades en donde la poblaci\u00f3n se siente m\u00e1s segura.<\/p>\n","protected":false},"excerpt":{"rendered":"<p>En el primer trimestre del a\u00f1o, en la Ciudad de Puebla disminuy\u00f3 5.5 puntos la percepci\u00f3n de inseguridad, pues el porcentaje de la poblaci\u00f3n que considera vivir insegura es de 70.4 por ciento de la poblaci\u00f3n; mientras que al cierre del \u00faltimo trimestre del a\u00f1o pasado 75.9 por ciento de la poblaci\u00f3n consideraba vivir insegura. [&hellip;]<\/p>\n","protected":false},"author":4,"featured_media":25134,"comment_status":"open","ping_status":"open","sticky":false,"template":"","format":"standard","meta":{"om_disable_all_campaigns":false,"_monsterinsights_skip_tracking":false,"_monsterinsights_sitenote_active":false,"_monsterinsights_sitenote_note":"","_monsterinsights_sitenote_category":0,"footnotes":""},"categories":[175,176],"tags":[195],"class_list":["post-25133","post","type-post","status-publish","format-standard","has-post-thumbnail","hentry","category-local","category-nacional","tag-principal"],"amp_enabled":true,"_links":{"self":[{"href":"https:\/\/lahora.mx\/index.php\/wp-json\/wp\/v2\/posts\/25133","targetHints":{"allow":["GET"]}}],"collection":[{"href":"https:\/\/lahora.mx\/index.php\/wp-json\/wp\/v2\/posts"}],"about":[{"href":"https:\/\/lahora.mx\/index.php\/wp-json\/wp\/v2\/types\/post"}],"author":[{"embeddable":true,"href":"https:\/\/lahora.mx\/index.php\/wp-json\/wp\/v2\/users\/4"}],"replies":[{"embeddable":true,"href":"https:\/\/lahora.mx\/index.php\/wp-json\/wp\/v2\/comments?post=25133"}],"version-history":[{"count":1,"href":"https:\/\/lahora.mx\/index.php\/wp-json\/wp\/v2\/posts\/25133\/revisions"}],"predecessor-version":[{"id":25135,"href":"https:\/\/lahora.mx\/index.php\/wp-json\/wp\/v2\/posts\/25133\/revisions\/25135"}],"wp:featuredmedia":[{"embeddable":true,"href":"https:\/\/lahora.mx\/index.php\/wp-json\/wp\/v2\/media\/25134"}],"wp:attachment":[{"href":"https:\/\/lahora.mx\/index.php\/wp-json\/wp\/v2\/media?parent=25133"}],"wp:term":[{"taxonomy":"category","embeddable":true,"href":"https:\/\/lahora.mx\/index.php\/wp-json\/wp\/v2\/categories?post=25133"},{"taxonomy":"post_tag","embeddable":true,"href":"https:\/\/lahora.mx\/index.php\/wp-json\/wp\/v2\/tags?post=25133"}],"curies":[{"name":"wp","href":"https:\/\/api.w.org\/{rel}","templated":true}]}}