{"id":25130,"date":"2023-04-19T17:02:22","date_gmt":"2023-04-19T17:02:22","guid":{"rendered":"http:\/\/lahora.mx\/?p=25130"},"modified":"2023-04-19T17:02:22","modified_gmt":"2023-04-19T17:02:22","slug":"embellecen-colonia-snte-en-puebla","status":"publish","type":"post","link":"https:\/\/lahora.mx\/index.php\/2023\/04\/19\/embellecen-colonia-snte-en-puebla\/","title":{"rendered":"Embellecen colonia SNTE en Puebla"},"content":{"rendered":"\n<p>A fin de seguir manteniendo las vialidades en buen estado, el ayuntamiento de Puebla realiz\u00f3 una jornada de limpieza urbana en la colonia SNTE, la cual consisti\u00f3 en poda de \u00e1rboles, barrido, retiro de grafiti y mantenimiento al mobiliario urbano.<\/p>\n\n\n\n<p>En su intervenci\u00f3n, el gerente de la ciudad Ad\u00e1n Dom\u00ednguez S\u00e1nchez, expuso que la jornada de limpieza abarcar\u00e1 800 metros de la vialidad, en el tramo del Eje Vial K, entre la Avenida Valle de M\u00e9xico y la Avenida 3 Sur, de la Colonia SNTE.<br>Destac\u00f3 que las jornadas de limpieza permiten que el espacio p\u00fablico sea m\u00e1s seguro para las personas, ya que se retiran diversos elementos u obst\u00e1culos de las calles.<\/p>\n\n\n\n<p>Indic\u00f3 que los trabajos consisten en la poda de 10 mil metros cuadrados de pasto, barrido de 6 mil metros cuadrados, retiro de grafitis, mantenimiento al mobiliario urbano, quitar pendones, retirar publicidad irregular y escombro, entre otras acciones.<br>Dom\u00ednguez S\u00e1nchez dijo que desde el inicio de las jornadas han podado m\u00e1s de 326 mil metros cuadrados de pasto, equivalentes a 777 canchas de basquetbol, barrido 352 mil 566 metros cuadrados y rehabilitado luminarias.<\/p>\n\n\n\n<p>Adem\u00e1s del retiro de 167 toneladas de tierra y despapelado casi 1 mil postes, quitado m\u00e1s de 5 mil 27 Pendones y borrado m\u00e1s de 1 mil 500 metros cuadrados de grafitis.<\/p>\n","protected":false},"excerpt":{"rendered":"<p>A fin de seguir manteniendo las vialidades en buen estado, el ayuntamiento de Puebla realiz\u00f3 una jornada de limpieza urbana en la colonia SNTE, la cual consisti\u00f3 en poda de \u00e1rboles, barrido, retiro de grafiti y mantenimiento al mobiliario urbano. En su intervenci\u00f3n, el gerente de la ciudad Ad\u00e1n Dom\u00ednguez S\u00e1nchez, expuso que la jornada [&hellip;]<\/p>\n","protected":false},"author":4,"featured_media":25131,"comment_status":"open","ping_status":"open","sticky":false,"template":"","format":"standard","meta":{"om_disable_all_campaigns":false,"_monsterinsights_skip_tracking":false,"_monsterinsights_sitenote_active":false,"_monsterinsights_sitenote_note":"","_monsterinsights_sitenote_category":0,"footnotes":""},"categories":[175],"tags":[223],"class_list":["post-25130","post","type-post","status-publish","format-standard","has-post-thumbnail","hentry","category-local","tag-puebla"],"amp_enabled":true,"_links":{"self":[{"href":"https:\/\/lahora.mx\/index.php\/wp-json\/wp\/v2\/posts\/25130","targetHints":{"allow":["GET"]}}],"collection":[{"href":"https:\/\/lahora.mx\/index.php\/wp-json\/wp\/v2\/posts"}],"about":[{"href":"https:\/\/lahora.mx\/index.php\/wp-json\/wp\/v2\/types\/post"}],"author":[{"embeddable":true,"href":"https:\/\/lahora.mx\/index.php\/wp-json\/wp\/v2\/users\/4"}],"replies":[{"embeddable":true,"href":"https:\/\/lahora.mx\/index.php\/wp-json\/wp\/v2\/comments?post=25130"}],"version-history":[{"count":1,"href":"https:\/\/lahora.mx\/index.php\/wp-json\/wp\/v2\/posts\/25130\/revisions"}],"predecessor-version":[{"id":25132,"href":"https:\/\/lahora.mx\/index.php\/wp-json\/wp\/v2\/posts\/25130\/revisions\/25132"}],"wp:featuredmedia":[{"embeddable":true,"href":"https:\/\/lahora.mx\/index.php\/wp-json\/wp\/v2\/media\/25131"}],"wp:attachment":[{"href":"https:\/\/lahora.mx\/index.php\/wp-json\/wp\/v2\/media?parent=25130"}],"wp:term":[{"taxonomy":"category","embeddable":true,"href":"https:\/\/lahora.mx\/index.php\/wp-json\/wp\/v2\/categories?post=25130"},{"taxonomy":"post_tag","embeddable":true,"href":"https:\/\/lahora.mx\/index.php\/wp-json\/wp\/v2\/tags?post=25130"}],"curies":[{"name":"wp","href":"https:\/\/api.w.org\/{rel}","templated":true}]}}