{"id":25100,"date":"2023-04-18T23:19:08","date_gmt":"2023-04-18T23:19:08","guid":{"rendered":"http:\/\/lahora.mx\/?p=25100"},"modified":"2023-04-18T23:19:09","modified_gmt":"2023-04-18T23:19:09","slug":"arranca-martes-ciudadano-al-interior-de-puebla","status":"publish","type":"post","link":"https:\/\/lahora.mx\/index.php\/2023\/04\/18\/arranca-martes-ciudadano-al-interior-de-puebla\/","title":{"rendered":"Arranca \u201cMartes Ciudadano\u201d al interior de Puebla"},"content":{"rendered":"\n<p>El gobernador de Puebla, Sergio Salom\u00f3n C\u00e9spedes Peregrina, inici\u00f3 en Tepeaca los \u201cMartes Ciudadanos\u201d por el interior del estado, en un evento en el que estuvo acompa\u00f1ado por integrantes de su gabinete y ediles de la regi\u00f3n.<\/p>\n\n\n\n<p>Durante su discurso expres\u00f3 que, en dos semanas, funcionarios estatales tendr\u00e1n que regresar a la demarcaci\u00f3n para dar respuesta a todos los problemas ciudadanos, que no puedan solucionarse durante la jornada.<\/p>\n\n\n\n<p>Tambi\u00e9n record\u00f3 su origen en Tepeaca, por lo que resalt\u00f3 la importancia de comenzar la nueva etapa de los \u201cMartes Ciudadanos\u201d en ese lugar.<\/p>\n\n\n\n<p>Javier Aquino Lim\u00f3n, jefe de la Oficina del Gobernador, no olvid\u00f3 que el programa fue impulsado por el exmandatario Miguel Barbosa, aunque hubo un momento en que no pudo llevarse a cabo por la pandemia del Covid-19.<\/p>\n\n\n\n<p>Resalt\u00f3 que muchas personas ped\u00edan audiencia con Sergio Salom\u00f3n C\u00e9spedes Peregrina, por lo que el ejercicio se realizar\u00e1 en distintas regiones de la entidad.<\/p>\n\n\n\n<p>Por su parte, el secretario de Gobernaci\u00f3n estatal, Julio Huerta G\u00f3mez, reconoci\u00f3 el trabajo del mandatario poblano, adem\u00e1s de reiterarle su amistad y confianza. \u201cQu\u00e9 viva el gobierno presente de Sergio Salom\u00f3n\u201d, expres\u00f3.<\/p>\n\n\n\n<p>En el evento estuvieron los siguientes funcionarios estatales:<br>Gabriel Biestro Medinilla, secretario de Trabajo<br>Isabel Merlo Talavera, SEP<br>Luis Roberto Tenorio Garc\u00eda, Infraestructura<br>Ana Laura Altamirano P\u00e9rez, de Desarrollo Rural<br>Liz S\u00e1nchez S\u00e1nchez, de Bienestar<br>Omar \u00c1lvarez Arronte, de Movilidad y Transporte<br>La directora del DIF Estatal, Leonor Vargas Gallegos<br>Tambi\u00e9n asistieron los ediles de Los Reyes de Ju\u00e1rez, Santo Tom\u00e1s Hueyotlipan, Tepeyahualco, Tlanepantla, Tochtepec, Atoyatempan, Cuapiaxtla, Acatzingo, Huitziltepec, Mixtla, San Jos\u00e9 Chiapa, Rafael Lara Grajales, Mazapiltepec, Soltepec, Nopalucan y Tepeaca.<\/p>\n","protected":false},"excerpt":{"rendered":"<p>El gobernador de Puebla, Sergio Salom\u00f3n C\u00e9spedes Peregrina, inici\u00f3 en Tepeaca los \u201cMartes Ciudadanos\u201d por el interior del estado, en un evento en el que estuvo acompa\u00f1ado por integrantes de su gabinete y ediles de la regi\u00f3n. Durante su discurso expres\u00f3 que, en dos semanas, funcionarios estatales tendr\u00e1n que regresar a la demarcaci\u00f3n para dar [&hellip;]<\/p>\n","protected":false},"author":4,"featured_media":25101,"comment_status":"open","ping_status":"open","sticky":false,"template":"","format":"standard","meta":{"om_disable_all_campaigns":false,"_monsterinsights_skip_tracking":false,"_monsterinsights_sitenote_active":false,"_monsterinsights_sitenote_note":"","_monsterinsights_sitenote_category":0,"footnotes":""},"categories":[175],"tags":[195,223],"class_list":["post-25100","post","type-post","status-publish","format-standard","has-post-thumbnail","hentry","category-local","tag-principal","tag-puebla"],"amp_enabled":true,"_links":{"self":[{"href":"https:\/\/lahora.mx\/index.php\/wp-json\/wp\/v2\/posts\/25100","targetHints":{"allow":["GET"]}}],"collection":[{"href":"https:\/\/lahora.mx\/index.php\/wp-json\/wp\/v2\/posts"}],"about":[{"href":"https:\/\/lahora.mx\/index.php\/wp-json\/wp\/v2\/types\/post"}],"author":[{"embeddable":true,"href":"https:\/\/lahora.mx\/index.php\/wp-json\/wp\/v2\/users\/4"}],"replies":[{"embeddable":true,"href":"https:\/\/lahora.mx\/index.php\/wp-json\/wp\/v2\/comments?post=25100"}],"version-history":[{"count":1,"href":"https:\/\/lahora.mx\/index.php\/wp-json\/wp\/v2\/posts\/25100\/revisions"}],"predecessor-version":[{"id":25102,"href":"https:\/\/lahora.mx\/index.php\/wp-json\/wp\/v2\/posts\/25100\/revisions\/25102"}],"wp:featuredmedia":[{"embeddable":true,"href":"https:\/\/lahora.mx\/index.php\/wp-json\/wp\/v2\/media\/25101"}],"wp:attachment":[{"href":"https:\/\/lahora.mx\/index.php\/wp-json\/wp\/v2\/media?parent=25100"}],"wp:term":[{"taxonomy":"category","embeddable":true,"href":"https:\/\/lahora.mx\/index.php\/wp-json\/wp\/v2\/categories?post=25100"},{"taxonomy":"post_tag","embeddable":true,"href":"https:\/\/lahora.mx\/index.php\/wp-json\/wp\/v2\/tags?post=25100"}],"curies":[{"name":"wp","href":"https:\/\/api.w.org\/{rel}","templated":true}]}}