{"id":25073,"date":"2023-04-18T00:27:47","date_gmt":"2023-04-18T00:27:47","guid":{"rendered":"http:\/\/lahora.mx\/?p=25073"},"modified":"2023-04-18T00:27:47","modified_gmt":"2023-04-18T00:27:47","slug":"aeromexico-y-delta-implicadas-en-percance-en-aicm","status":"publish","type":"post","link":"https:\/\/lahora.mx\/index.php\/2023\/04\/18\/aeromexico-y-delta-implicadas-en-percance-en-aicm\/","title":{"rendered":"Aerom\u00e9xico y Delta implicadas en percance en AICM"},"content":{"rendered":"\n<p class=\"wp-block-paragraph\">Un avi\u00f3n de la aerol\u00ednea estadounidense Delta, que se dirig\u00eda hacia Nueva York, tuvo un choque este lunes 17 de abril con otra aeronave de Aerom\u00e9xico que esperaba para volar a Ciudad Ju\u00e1rez, Chihuahua, esto de acuerdo con informaci\u00f3n del Aeropuerto Internacional de la Ciudad de M\u00e9xico (AICM) compartida a El Financiero.<\/p>\n\n\n\n<p class=\"wp-block-paragraph\">El principal aeropuerto del pa\u00eds detall\u00f3 que las aeronaves en tierra tuvieron un impacto, en la terminal 2, entre la punta de la ala de una (Aerom\u00e9xico) y el estabilizador horizontal de la otra (Delta), sin ocasionar da\u00f1o a persona alguna. El impacto ocurri\u00f3 entre calles de rodaje B y D.<\/p>\n\n\n\n<p class=\"wp-block-paragraph\">El choque no signific\u00f3 da\u00f1o a ninguna persona. Adem\u00e1s, el AICM ya comenz\u00f3 una investigaci\u00f3n para determinar las causas del impacto, esto sin dar m\u00e1s informaci\u00f3n sobre el tipo de vuelos, aeronaves y aerol\u00edneas relacionadas con el choque.<\/p>\n\n\n\n<p class=\"wp-block-paragraph\">Tras el percance, hacia las 15:15, los aviones regresaron a sus plataformas, agreg\u00f3 el aeropuerto, que opera con regularidad desde el impacto registrado entre ambas aeronaves.<\/p>\n\n\n\n<p class=\"wp-block-paragraph\">AICM \u2018hasta el tope\u2019 en vuelos, pese a la salida de viajes de carga reporta saturaci\u00f3n<br>La saturaci\u00f3n en el AICM se increment\u00f3 en el primer bimestre de este a\u00f1o.<br>De acuerdo con los itinerarios, el vuelo DL624 de Delta, con destino a Nueva York, despeg\u00f3, al igual que el AM 117 de Aerom\u00e9xico que vol\u00f3 hacia la capital de Chihuahua.<\/p>\n\n\n\n<p class=\"wp-block-paragraph\">Delta Airlines y Aerom\u00e9xico no han emitido informaci\u00f3n el estado de las aeronaves tras el accidente en el AICM.<\/p>\n\n\n\n<p class=\"wp-block-paragraph\">Aerom\u00e9xico responde a usuario tras choque de aeronave en el AICM<br>Un usuario report\u00f3 en redes sociales que iba a bordo del avi\u00f3n de Aerom\u00e9xico cuando impact\u00f3 en el AICM, por lo que solicit\u00f3 a Aerom\u00e9xico una respuesta ante la situaci\u00f3n y sobre qu\u00e9 iba a pasar con su vuelo.<\/p>\n\n\n\n<p class=\"wp-block-paragraph\">\u201cLamentamos leer las molestias que esta situaci\u00f3n ha representado para usted. Env\u00edanos un DM (mensaje directo) con el c\u00f3digo de tu reserva y con gusto te atenderemos\u201d, escribi\u00f3 Aerom\u00e9xico tras ver la fotograf\u00eda en la que se ve la punta del ala afectada.<\/p>\n","protected":false},"excerpt":{"rendered":"<p>Un avi\u00f3n de la aerol\u00ednea estadounidense Delta, que se dirig\u00eda hacia Nueva York, tuvo un choque este lunes 17 de abril con otra aeronave de Aerom\u00e9xico que esperaba para volar a Ciudad Ju\u00e1rez, Chihuahua, esto de acuerdo con informaci\u00f3n del Aeropuerto Internacional de la Ciudad de M\u00e9xico (AICM) compartida a El Financiero. El principal aeropuerto [&hellip;]<\/p>\n","protected":false},"author":4,"featured_media":25074,"comment_status":"open","ping_status":"open","sticky":false,"template":"","format":"standard","meta":{"om_disable_all_campaigns":false,"_monsterinsights_skip_tracking":false,"footnotes":""},"categories":[176],"tags":[195],"class_list":["post-25073","post","type-post","status-publish","format-standard","has-post-thumbnail","hentry","category-nacional","tag-principal"],"amp_enabled":true,"_links":{"self":[{"href":"https:\/\/lahora.mx\/index.php\/wp-json\/wp\/v2\/posts\/25073","targetHints":{"allow":["GET"]}}],"collection":[{"href":"https:\/\/lahora.mx\/index.php\/wp-json\/wp\/v2\/posts"}],"about":[{"href":"https:\/\/lahora.mx\/index.php\/wp-json\/wp\/v2\/types\/post"}],"author":[{"embeddable":true,"href":"https:\/\/lahora.mx\/index.php\/wp-json\/wp\/v2\/users\/4"}],"replies":[{"embeddable":true,"href":"https:\/\/lahora.mx\/index.php\/wp-json\/wp\/v2\/comments?post=25073"}],"version-history":[{"count":1,"href":"https:\/\/lahora.mx\/index.php\/wp-json\/wp\/v2\/posts\/25073\/revisions"}],"predecessor-version":[{"id":25075,"href":"https:\/\/lahora.mx\/index.php\/wp-json\/wp\/v2\/posts\/25073\/revisions\/25075"}],"wp:featuredmedia":[{"embeddable":true,"href":"https:\/\/lahora.mx\/index.php\/wp-json\/wp\/v2\/media\/25074"}],"wp:attachment":[{"href":"https:\/\/lahora.mx\/index.php\/wp-json\/wp\/v2\/media?parent=25073"}],"wp:term":[{"taxonomy":"category","embeddable":true,"href":"https:\/\/lahora.mx\/index.php\/wp-json\/wp\/v2\/categories?post=25073"},{"taxonomy":"post_tag","embeddable":true,"href":"https:\/\/lahora.mx\/index.php\/wp-json\/wp\/v2\/tags?post=25073"}],"curies":[{"name":"wp","href":"https:\/\/api.w.org\/{rel}","templated":true}]}}