{"id":25055,"date":"2023-04-18T00:06:51","date_gmt":"2023-04-18T00:06:51","guid":{"rendered":"http:\/\/lahora.mx\/?p=25055"},"modified":"2023-04-18T00:06:51","modified_gmt":"2023-04-18T00:06:51","slug":"lopez-obrador-se-reune-con-ken-salazar","status":"publish","type":"post","link":"https:\/\/lahora.mx\/index.php\/2023\/04\/18\/lopez-obrador-se-reune-con-ken-salazar\/","title":{"rendered":"L\u00f3pez Obrador se re\u00fane con Ken Salazar"},"content":{"rendered":"\n<p class=\"wp-block-paragraph\">El embajador de Estados Unidos en M\u00e9xico, Ken Salazar, se reuni\u00f3 con el presidente Andr\u00e9s Manuel L\u00f3pez Obrador en Palacio Nacional en medio de las tensiones entre ambos pa\u00edses tras revelarse que agentes encubiertos de la DEA trabajaron en nuestro pa\u00eds sin autorizaci\u00f3n del gobierno federal para infiltrar al c\u00e1rtel de Sinaloa.<\/p>\n\n\n\n<p class=\"wp-block-paragraph\">El encuentro entre Ken Salazar y L\u00f3pez Obrador ocurri\u00f3 poco despu\u00e9s de las 11:00 horas y se prolong\u00f3 por cerca de una hora.<\/p>\n\n\n\n<p class=\"wp-block-paragraph\">A su salida de Palacio Nacional, el embajador Ken Salazar no emiti\u00f3 ning\u00fan comentario ante los reportros que se encontraban afuera del inmueble esper\u00e1ndolo.<\/p>\n\n\n\n<p class=\"wp-block-paragraph\">En su ma\u00f1anera, el presidente L\u00f3pez Obrador critic\u00f3 la actuaci\u00f3n de la DEA al se\u00f1alar que las autoridades no estaban al tanto del operativo con agentes encubiertos de dicha agencia antidrogas, los cuales lograron infiltrarse hasta la estructura de Los Chapitos, a quienes autoridades de Estados Unidos acusan de ser los \u00abpioneros\u00bb en la producci\u00f3n y tr\u00e1fico del fentanilo.<\/p>\n\n\n\n<p class=\"wp-block-paragraph\">\u00abEs una intromisi\u00f3n abusiva, prepotente que no debe de aceptarse bajo ning\u00fan motivo; \u00bfc\u00f3mo van estar espiando? \u00bfNo hasta bajaron un globo de China, all\u00e1 en Estados Unidos? Nosotros no hacemos eso, pero no se puede estar utilizando actos de espionaje, nada m\u00e1s para saber qu\u00e9 est\u00e1n haciendo nuestras instituciones de seguridad\u00bb, sostuvo el presidente.<\/p>\n","protected":false},"excerpt":{"rendered":"<p>El embajador de Estados Unidos en M\u00e9xico, Ken Salazar, se reuni\u00f3 con el presidente Andr\u00e9s Manuel L\u00f3pez Obrador en Palacio Nacional en medio de las tensiones entre ambos pa\u00edses tras revelarse que agentes encubiertos de la DEA trabajaron en nuestro pa\u00eds sin autorizaci\u00f3n del gobierno federal para infiltrar al c\u00e1rtel de Sinaloa. El encuentro entre [&hellip;]<\/p>\n","protected":false},"author":4,"featured_media":25056,"comment_status":"open","ping_status":"open","sticky":false,"template":"","format":"standard","meta":{"om_disable_all_campaigns":false,"_monsterinsights_skip_tracking":false,"footnotes":""},"categories":[176],"tags":[],"class_list":["post-25055","post","type-post","status-publish","format-standard","has-post-thumbnail","hentry","category-nacional"],"amp_enabled":true,"_links":{"self":[{"href":"https:\/\/lahora.mx\/index.php\/wp-json\/wp\/v2\/posts\/25055","targetHints":{"allow":["GET"]}}],"collection":[{"href":"https:\/\/lahora.mx\/index.php\/wp-json\/wp\/v2\/posts"}],"about":[{"href":"https:\/\/lahora.mx\/index.php\/wp-json\/wp\/v2\/types\/post"}],"author":[{"embeddable":true,"href":"https:\/\/lahora.mx\/index.php\/wp-json\/wp\/v2\/users\/4"}],"replies":[{"embeddable":true,"href":"https:\/\/lahora.mx\/index.php\/wp-json\/wp\/v2\/comments?post=25055"}],"version-history":[{"count":1,"href":"https:\/\/lahora.mx\/index.php\/wp-json\/wp\/v2\/posts\/25055\/revisions"}],"predecessor-version":[{"id":25057,"href":"https:\/\/lahora.mx\/index.php\/wp-json\/wp\/v2\/posts\/25055\/revisions\/25057"}],"wp:featuredmedia":[{"embeddable":true,"href":"https:\/\/lahora.mx\/index.php\/wp-json\/wp\/v2\/media\/25056"}],"wp:attachment":[{"href":"https:\/\/lahora.mx\/index.php\/wp-json\/wp\/v2\/media?parent=25055"}],"wp:term":[{"taxonomy":"category","embeddable":true,"href":"https:\/\/lahora.mx\/index.php\/wp-json\/wp\/v2\/categories?post=25055"},{"taxonomy":"post_tag","embeddable":true,"href":"https:\/\/lahora.mx\/index.php\/wp-json\/wp\/v2\/tags?post=25055"}],"curies":[{"name":"wp","href":"https:\/\/api.w.org\/{rel}","templated":true}]}}