{"id":24945,"date":"2023-04-15T19:32:45","date_gmt":"2023-04-15T19:32:45","guid":{"rendered":"http:\/\/lahora.mx\/?p=24945"},"modified":"2023-04-15T19:32:45","modified_gmt":"2023-04-15T19:32:45","slug":"se-desmiente-la-hospitalizacion-de-ovidio-guzman","status":"publish","type":"post","link":"https:\/\/lahora.mx\/index.php\/2023\/04\/15\/se-desmiente-la-hospitalizacion-de-ovidio-guzman\/","title":{"rendered":"Se desmiente la hospitalizaci\u00f3n de Ovidio Guzm\u00e1n"},"content":{"rendered":"\n<p>Movilizaciones por parte de las autoridades en hospital de Toluca, alertaron a la sociedad, por supuesto traslado de Ovidio Guzm\u00e1n, hijo del narcotraficante \u201cel Chapo\u201d Guzm\u00e1n.<\/p>\n\n\n\n<p>Autoridades, como la Fiscal\u00eda General de la Rep\u00fablica o la Secretar\u00eda de Salud del Estado de M\u00e9xico no han dado declaraciones o aclarado rumores.<\/p>\n\n\n\n<p>Una primera versi\u00f3n se\u00f1alaba que el hijo del \u201cChapo\u201d Guzm\u00e1n hab\u00eda sido trasladado en compa\u00f1\u00eda del ex l\u00edder del C\u00e1rtel de Tijuana, Teodoro \u201cel Teo\u201d Garc\u00eda.<\/p>\n\n\n\n<p>Debido a un roce entre ambos es que fueron trasladados al hospital Adolfo L\u00f3pez Mateos en Toluca desde el Centro de Prevenci\u00f3n y Readaptaci\u00f3n Social (Cefereso) N\u00fam. 1 \u201cEl Antiplano\u201d.<\/p>\n\n\n\n<p>Ya que, alrededor de las 13:00 horas, camionetas de la Secretar\u00eda de Defensa Nacional arribaron al recinto, en conjunto con fuerzas federales.<\/p>\n\n\n\n<p>Sin embargo, fuentes extraoficiales afirmaron que Ovidio Guzm\u00e1n no fue uno de los reos trasladados al hospital, en cambio, el ex l\u00edder del C\u00e1rtel Tijuana, s\u00ed.<\/p>\n\n\n\n<p>En compa\u00f1\u00eda de Teodoro Garc\u00eda est\u00e1 otro prisionero identificado como Ovidio \u201cN\u201d de origen centroamericano, sin embargo, no hay m\u00e1s datos al respecto.<\/p>\n","protected":false},"excerpt":{"rendered":"<p>Movilizaciones por parte de las autoridades en hospital de Toluca, alertaron a la sociedad, por supuesto traslado de Ovidio Guzm\u00e1n, hijo del narcotraficante \u201cel Chapo\u201d Guzm\u00e1n. Autoridades, como la Fiscal\u00eda General de la Rep\u00fablica o la Secretar\u00eda de Salud del Estado de M\u00e9xico no han dado declaraciones o aclarado rumores. Una primera versi\u00f3n se\u00f1alaba que [&hellip;]<\/p>\n","protected":false},"author":4,"featured_media":24946,"comment_status":"open","ping_status":"open","sticky":false,"template":"","format":"standard","meta":{"om_disable_all_campaigns":false,"_monsterinsights_skip_tracking":false,"_monsterinsights_sitenote_active":false,"_monsterinsights_sitenote_note":"","_monsterinsights_sitenote_category":0,"footnotes":""},"categories":[176],"tags":[],"class_list":["post-24945","post","type-post","status-publish","format-standard","has-post-thumbnail","hentry","category-nacional"],"amp_enabled":true,"_links":{"self":[{"href":"https:\/\/lahora.mx\/index.php\/wp-json\/wp\/v2\/posts\/24945","targetHints":{"allow":["GET"]}}],"collection":[{"href":"https:\/\/lahora.mx\/index.php\/wp-json\/wp\/v2\/posts"}],"about":[{"href":"https:\/\/lahora.mx\/index.php\/wp-json\/wp\/v2\/types\/post"}],"author":[{"embeddable":true,"href":"https:\/\/lahora.mx\/index.php\/wp-json\/wp\/v2\/users\/4"}],"replies":[{"embeddable":true,"href":"https:\/\/lahora.mx\/index.php\/wp-json\/wp\/v2\/comments?post=24945"}],"version-history":[{"count":1,"href":"https:\/\/lahora.mx\/index.php\/wp-json\/wp\/v2\/posts\/24945\/revisions"}],"predecessor-version":[{"id":24947,"href":"https:\/\/lahora.mx\/index.php\/wp-json\/wp\/v2\/posts\/24945\/revisions\/24947"}],"wp:featuredmedia":[{"embeddable":true,"href":"https:\/\/lahora.mx\/index.php\/wp-json\/wp\/v2\/media\/24946"}],"wp:attachment":[{"href":"https:\/\/lahora.mx\/index.php\/wp-json\/wp\/v2\/media?parent=24945"}],"wp:term":[{"taxonomy":"category","embeddable":true,"href":"https:\/\/lahora.mx\/index.php\/wp-json\/wp\/v2\/categories?post=24945"},{"taxonomy":"post_tag","embeddable":true,"href":"https:\/\/lahora.mx\/index.php\/wp-json\/wp\/v2\/tags?post=24945"}],"curies":[{"name":"wp","href":"https:\/\/api.w.org\/{rel}","templated":true}]}}