{"id":24917,"date":"2023-04-14T23:54:25","date_gmt":"2023-04-14T23:54:25","guid":{"rendered":"http:\/\/lahora.mx\/?p=24917"},"modified":"2023-04-14T23:54:26","modified_gmt":"2023-04-14T23:54:26","slug":"eu-duplica-recompensa-por-hijos-de-el-chapo-ofrece-20-mdd-hasta-el-momento","status":"publish","type":"post","link":"https:\/\/lahora.mx\/index.php\/2023\/04\/14\/eu-duplica-recompensa-por-hijos-de-el-chapo-ofrece-20-mdd-hasta-el-momento\/","title":{"rendered":"EU duplica recompensa por hijos de &#8216;El Chapo&#8217;; ofrece 20 mdd hasta el momento."},"content":{"rendered":"\n<p class=\"wp-block-paragraph\">Tras presentar cargos contra Los Chapitos por tr\u00e1fico de fentanilo, armas y lavado de dinero, Estados Unidos duplic\u00f3 la recompensa por dos hijos de Joaqu\u00edn El Chapo Guzm\u00e1n: Iv\u00e1n Archivaldo y Jes\u00fas Alfredo Guzm\u00e1n Salazar, por quienes ahora ofrece 20 millones de d\u00f3lares, 10 millones por cada uno, a fin de que sean capturados.<\/p>\n\n\n\n<p class=\"wp-block-paragraph\">Los hijos del Chapo Guzm\u00e1n est\u00e1n en la mira de la DEA desde 2021, cuando la agencia ofrec\u00eda 5 millones de d\u00f3lares por cada uno de ellos tras identificarlos como miembros de alto rango dentro del c\u00e1rtel de Sinaloa y con mayor poder desde la captura y extradici\u00f3n de su padre a Estados Unidos, donde actualmente cumple una condena a cadena perpetua.<\/p>\n\n\n\n<p class=\"wp-block-paragraph\">En la acusaci\u00f3n dada a conocer hoy 14 de abril por el Departamento de Justicia se responsabiliza a Los Chapitos de haber \u201cinundado\u201d Estados Unidos de fentanilo durante los \u00faltimos 8 a\u00f1os y con ello de haber matado a cientos de miles de estadunidenses. Adem\u00e1s, se les acusa de haber sido los pioneros en la fabricaci\u00f3n y trasiego de dicha droga.<\/p>\n\n\n\n<p class=\"wp-block-paragraph\">\u201cLas acusaciones de hoy env\u00edan un mensaje claro a Los Chapitos, el c\u00e1rtel de Sinaloa y las redes criminales de drogas en todo el mundo de que la DEA no se detendr\u00e1 ante nada para proteger la seguridad nacional de los Estados Unidos y la seguridad y la salud del pueblo estadunidense\u201d, dijo Anne Milgram, administradora de la DEA.<\/p>\n\n\n\n<p class=\"wp-block-paragraph\">La DEA revel\u00f3 que se infiltr\u00f3 en la c\u00e9lula de Los Chapitos y les sigui\u00f3 el rastro durante el \u00faltimo a\u00f1o y medio, con lo que obtuvo acceso a los niveles m\u00e1s altos del c\u00e1rtel de Sinaloa.<\/p>\n\n\n\n<p class=\"wp-block-paragraph\">\u201cDurante el \u00faltimo a\u00f1o y medio, la DEA se infiltr\u00f3 proactivamente en el c\u00e1rtel de Sinaloa y la red de Los Chapitos, obtuvo un acceso sin precedentes a los niveles m\u00e1s altos de la organizaci\u00f3n y los sigui\u00f3 por todo el mundo. Agradezco a los hombres y mujeres de la DEA por su trabajo excepcional en este caso\u201d, indic\u00f3 Anne Milgram.<\/p>\n\n\n\n<p class=\"wp-block-paragraph\">La facci\u00f3n de Los Chapitos est\u00e1 integrada por cuatro hijos de Joaqu\u00edn El Chapo Guzm\u00e1n, quienes est\u00e1n relacionados directamente con la operaci\u00f3n del c\u00e1rtel de Sinaloa. Se trata de:<\/p>\n\n\n\n<p class=\"wp-block-paragraph\">Iv\u00e1n Guzm\u00e1n Salazar, de 40 a\u00f1os<br>Alfredo Guzm\u00e1n Salazar, de 37 a\u00f1os<br>Joaqu\u00edn Guzm\u00e1n L\u00f3pez, de 36 a\u00f1os<br>Ovidio Guzm\u00e1n L\u00f3pez, de 33 a\u00f1os<br>Hasta ahora, s\u00f3lo Ovidio Guzm\u00e1n L\u00f3pez est\u00e1 detenido y Estados Unidos present\u00f3 la solicitud formal de extradici\u00f3n para llevarlo a juicio por el tr\u00e1fico de drogas a ese pa\u00eds. Su captura ocurri\u00f3 la madrugada del 5 de enero de 2023 en una comunidad de Culiac\u00e1n, Sinaloa.<\/p>\n\n\n\n<p class=\"wp-block-paragraph\">Los Chapitos son parte importante de la estructura del c\u00e1rtel de Sinaloa y una de las m\u00e1s violentas. Tras la captura del Chapo Guzm\u00e1n y la disputa con D\u00e1maso L\u00f3pez N\u00fa\u00f1ez, El Licenciado, y su hijo D\u00e1maso L\u00f3pez Serrano, El Mini Lic, quienes actualmente est\u00e1n detenidos en Estados Unidos, se convirtieron en los principales l\u00edderes y narcotraficantes dentro de la organizaci\u00f3n<\/p>\n","protected":false},"excerpt":{"rendered":"<p>Tras presentar cargos contra Los Chapitos por tr\u00e1fico de fentanilo, armas y lavado de dinero, Estados Unidos duplic\u00f3 la recompensa por dos hijos de Joaqu\u00edn El Chapo Guzm\u00e1n: Iv\u00e1n Archivaldo y Jes\u00fas Alfredo Guzm\u00e1n Salazar, por quienes ahora ofrece 20 millones de d\u00f3lares, 10 millones por cada uno, a fin de que sean capturados. Los [&hellip;]<\/p>\n","protected":false},"author":4,"featured_media":24918,"comment_status":"open","ping_status":"open","sticky":false,"template":"","format":"standard","meta":{"om_disable_all_campaigns":false,"_monsterinsights_skip_tracking":false,"footnotes":""},"categories":[176],"tags":[195],"class_list":["post-24917","post","type-post","status-publish","format-standard","has-post-thumbnail","hentry","category-nacional","tag-principal"],"amp_enabled":true,"_links":{"self":[{"href":"https:\/\/lahora.mx\/index.php\/wp-json\/wp\/v2\/posts\/24917","targetHints":{"allow":["GET"]}}],"collection":[{"href":"https:\/\/lahora.mx\/index.php\/wp-json\/wp\/v2\/posts"}],"about":[{"href":"https:\/\/lahora.mx\/index.php\/wp-json\/wp\/v2\/types\/post"}],"author":[{"embeddable":true,"href":"https:\/\/lahora.mx\/index.php\/wp-json\/wp\/v2\/users\/4"}],"replies":[{"embeddable":true,"href":"https:\/\/lahora.mx\/index.php\/wp-json\/wp\/v2\/comments?post=24917"}],"version-history":[{"count":1,"href":"https:\/\/lahora.mx\/index.php\/wp-json\/wp\/v2\/posts\/24917\/revisions"}],"predecessor-version":[{"id":24919,"href":"https:\/\/lahora.mx\/index.php\/wp-json\/wp\/v2\/posts\/24917\/revisions\/24919"}],"wp:featuredmedia":[{"embeddable":true,"href":"https:\/\/lahora.mx\/index.php\/wp-json\/wp\/v2\/media\/24918"}],"wp:attachment":[{"href":"https:\/\/lahora.mx\/index.php\/wp-json\/wp\/v2\/media?parent=24917"}],"wp:term":[{"taxonomy":"category","embeddable":true,"href":"https:\/\/lahora.mx\/index.php\/wp-json\/wp\/v2\/categories?post=24917"},{"taxonomy":"post_tag","embeddable":true,"href":"https:\/\/lahora.mx\/index.php\/wp-json\/wp\/v2\/tags?post=24917"}],"curies":[{"name":"wp","href":"https:\/\/api.w.org\/{rel}","templated":true}]}}