{"id":24890,"date":"2023-04-14T13:59:19","date_gmt":"2023-04-14T13:59:19","guid":{"rendered":"http:\/\/lahora.mx\/?p=24890"},"modified":"2023-04-14T13:59:19","modified_gmt":"2023-04-14T13:59:19","slug":"detienen-a-funcionario-del-inm-tras-incendio-en-cd-juarez","status":"publish","type":"post","link":"https:\/\/lahora.mx\/index.php\/2023\/04\/14\/detienen-a-funcionario-del-inm-tras-incendio-en-cd-juarez\/","title":{"rendered":"Detienen a funcionario del INM tras incendio en Cd. Ju\u00e1rez"},"content":{"rendered":"\n<p class=\"wp-block-paragraph\">Eduardo N, jefe de Recursos Materiales de la Oficina de Representaci\u00f3n del Instituto Nacional de Migraci\u00f3n (INM) fue detenido este jueves 13 de abril por su presunta responsabilidad en el incendio en el que murieron 40 migrantes en Ciudad Ju\u00e1rez, Chihuahua.<\/p>\n\n\n\n<p class=\"wp-block-paragraph\">La Fiscal\u00eda General de la Rep\u00fablica (FGR) inform\u00f3 que un juez emiti\u00f3 la orden de aprehensi\u00f3n contra cuatro servidores p\u00fablicos por estos hechos.<\/p>\n\n\n\n<p class=\"wp-block-paragraph\">La Polic\u00eda Ministerial, que se encuentra dando cumplimiento a estos mandamientos judiciales, captur\u00f3 a las 12:50 horas afuera de las instalaciones del Instituto Nacional de Migraci\u00f3n en avenida de Las Am\u00e9ricas, en Parque Chamizal de Ciudad Ju\u00e1rez a Eduardo N.<\/p>\n\n\n\n<p class=\"wp-block-paragraph\">Incluso hay orden de aprehensi\u00f3n contra Salvador Gonz\u00e1lez Rodr\u00edguez, delegado del INM en Chihuahua; as\u00ed como Cecilia \u201cN\u201d y Juan Andr\u00e9s \u201cN\u201d; mientras que Francisco Gardu\u00f1o y Antonio Molina, quienes fueron citados a comparecer el 20 y 21 de abril.<\/p>\n\n\n\n<p class=\"wp-block-paragraph\">Tanto Francisco Gardu\u00f1o, comisionado del Instituto Nacional de Migraci\u00f3n como Antonio Molina, son investigados por la FGR por sus posibles omisiones que derivaron en el incendio en Ciudad Ju\u00e1rez que dej\u00f3 40 migrantes muertos.<\/p>\n","protected":false},"excerpt":{"rendered":"<p>Eduardo N, jefe de Recursos Materiales de la Oficina de Representaci\u00f3n del Instituto Nacional de Migraci\u00f3n (INM) fue detenido este jueves 13 de abril por su presunta responsabilidad en el incendio en el que murieron 40 migrantes en Ciudad Ju\u00e1rez, Chihuahua. La Fiscal\u00eda General de la Rep\u00fablica (FGR) inform\u00f3 que un juez emiti\u00f3 la orden [&hellip;]<\/p>\n","protected":false},"author":4,"featured_media":24891,"comment_status":"open","ping_status":"open","sticky":false,"template":"","format":"standard","meta":{"om_disable_all_campaigns":false,"_monsterinsights_skip_tracking":false,"footnotes":""},"categories":[176],"tags":[],"class_list":["post-24890","post","type-post","status-publish","format-standard","has-post-thumbnail","hentry","category-nacional"],"amp_enabled":true,"_links":{"self":[{"href":"https:\/\/lahora.mx\/index.php\/wp-json\/wp\/v2\/posts\/24890","targetHints":{"allow":["GET"]}}],"collection":[{"href":"https:\/\/lahora.mx\/index.php\/wp-json\/wp\/v2\/posts"}],"about":[{"href":"https:\/\/lahora.mx\/index.php\/wp-json\/wp\/v2\/types\/post"}],"author":[{"embeddable":true,"href":"https:\/\/lahora.mx\/index.php\/wp-json\/wp\/v2\/users\/4"}],"replies":[{"embeddable":true,"href":"https:\/\/lahora.mx\/index.php\/wp-json\/wp\/v2\/comments?post=24890"}],"version-history":[{"count":1,"href":"https:\/\/lahora.mx\/index.php\/wp-json\/wp\/v2\/posts\/24890\/revisions"}],"predecessor-version":[{"id":24892,"href":"https:\/\/lahora.mx\/index.php\/wp-json\/wp\/v2\/posts\/24890\/revisions\/24892"}],"wp:featuredmedia":[{"embeddable":true,"href":"https:\/\/lahora.mx\/index.php\/wp-json\/wp\/v2\/media\/24891"}],"wp:attachment":[{"href":"https:\/\/lahora.mx\/index.php\/wp-json\/wp\/v2\/media?parent=24890"}],"wp:term":[{"taxonomy":"category","embeddable":true,"href":"https:\/\/lahora.mx\/index.php\/wp-json\/wp\/v2\/categories?post=24890"},{"taxonomy":"post_tag","embeddable":true,"href":"https:\/\/lahora.mx\/index.php\/wp-json\/wp\/v2\/tags?post=24890"}],"curies":[{"name":"wp","href":"https:\/\/api.w.org\/{rel}","templated":true}]}}