{"id":24881,"date":"2023-04-14T00:03:36","date_gmt":"2023-04-14T00:03:36","guid":{"rendered":"http:\/\/lahora.mx\/?p=24881"},"modified":"2023-04-14T00:03:37","modified_gmt":"2023-04-14T00:03:37","slug":"nuevo-leon-declara-fin-de-la-emergencia-por-pandemia-de-covid-19","status":"publish","type":"post","link":"https:\/\/lahora.mx\/index.php\/2023\/04\/14\/nuevo-leon-declara-fin-de-la-emergencia-por-pandemia-de-covid-19\/","title":{"rendered":"Nuevo Le\u00f3n declara fin de la emergencia por pandemia de COVID-19"},"content":{"rendered":"\n<p class=\"wp-block-paragraph\">El gobernador Samuel Garc\u00eda declar\u00f3 el fin de la emergencia por la pandemia de COVID-19 en el estado de Nuevo Le\u00f3n, esto durante la conferencia de la Secretar\u00eda de Salud local que se realiz\u00f3 este jueves 13 de abril.<\/p>\n\n\n\n<p class=\"wp-block-paragraph\">Declaran fin de la emergencia por pandemia por COVID-19 en Nuevo Le\u00f3n<br>Sobre el anunci\u00f3 del fin de la emergencia por la pandemia, el mandatario de Nuevo Le\u00f3n public\u00f3 en su cuenta de Twitter un mensaje en el que explica que esta decisi\u00f3n se bas\u00f3 por la declaratoria de Joe Biden, presidente de Estados Unidos, sobre el COVID-19.<\/p>\n\n\n\n<p class=\"wp-block-paragraph\">\u201cEl lunes, el presidente Biden firm\u00f3 una ley que pone fin a la emergencia sanitaria por COVID-19 en EUA. Esto me hizo reflexionar sobre todo lo que vivimos durante esos a\u00f1os y c\u00f3mo a ra\u00edz de esto tenemos una nueva oportunidad para construir un mejor futuro para nuestros hijos\u201d<br>Samuel Garc\u00eda agrega en la misma publicaci\u00f3n de Twitter que se alcanz\u00f3 el fin de la emergencia sanitaria gracias al trabajo en conjunto de los ciudadanos y autoridades de Nuevo Le\u00f3n.<\/p>\n\n\n\n<p class=\"wp-block-paragraph\">\u201cSi hoy, a 8 meses sin un contagio, podemos decir que lleg\u00f3 el fin de la emergencia del COVID-19, se lo debemos a nuestra gente, que trabaja en equipo para sobrellevar cualquier reto, que lucha por el c\u00f3mo s\u00ed y siempre lo da todo con la frente en alto; siempre ascendiendo\u201d.<br><br>En la misma conferencia de prensa, Alma Rosa Marroqu\u00edn, titular de la Secretar\u00eda de Salud de Nuevo Le\u00f3n, coment\u00f3 que este anunci\u00f3 s\u00f3lo representa el fin de la emergencia sanitaria, pero esto no significa que la pandemia por COVID-19 haya terminado.<\/p>\n\n\n\n<p class=\"wp-block-paragraph\">Sobre las medidas que se tomar\u00e1n en la entidad despu\u00e9s de este anuncio, Alma Rosa expres\u00f3 que se elimina el uso obligatorio del cubrebocas en el transporte p\u00fablico, pero se mantiene la obligatoriedad en hospitales, asilos y guarder\u00edas.<\/p>\n","protected":false},"excerpt":{"rendered":"<p>El gobernador Samuel Garc\u00eda declar\u00f3 el fin de la emergencia por la pandemia de COVID-19 en el estado de Nuevo Le\u00f3n, esto durante la conferencia de la Secretar\u00eda de Salud local que se realiz\u00f3 este jueves 13 de abril. Declaran fin de la emergencia por pandemia por COVID-19 en Nuevo Le\u00f3nSobre el anunci\u00f3 del fin [&hellip;]<\/p>\n","protected":false},"author":4,"featured_media":24882,"comment_status":"open","ping_status":"open","sticky":false,"template":"","format":"standard","meta":{"om_disable_all_campaigns":false,"_monsterinsights_skip_tracking":false,"footnotes":""},"categories":[176],"tags":[],"class_list":["post-24881","post","type-post","status-publish","format-standard","has-post-thumbnail","hentry","category-nacional"],"amp_enabled":true,"_links":{"self":[{"href":"https:\/\/lahora.mx\/index.php\/wp-json\/wp\/v2\/posts\/24881","targetHints":{"allow":["GET"]}}],"collection":[{"href":"https:\/\/lahora.mx\/index.php\/wp-json\/wp\/v2\/posts"}],"about":[{"href":"https:\/\/lahora.mx\/index.php\/wp-json\/wp\/v2\/types\/post"}],"author":[{"embeddable":true,"href":"https:\/\/lahora.mx\/index.php\/wp-json\/wp\/v2\/users\/4"}],"replies":[{"embeddable":true,"href":"https:\/\/lahora.mx\/index.php\/wp-json\/wp\/v2\/comments?post=24881"}],"version-history":[{"count":1,"href":"https:\/\/lahora.mx\/index.php\/wp-json\/wp\/v2\/posts\/24881\/revisions"}],"predecessor-version":[{"id":24883,"href":"https:\/\/lahora.mx\/index.php\/wp-json\/wp\/v2\/posts\/24881\/revisions\/24883"}],"wp:featuredmedia":[{"embeddable":true,"href":"https:\/\/lahora.mx\/index.php\/wp-json\/wp\/v2\/media\/24882"}],"wp:attachment":[{"href":"https:\/\/lahora.mx\/index.php\/wp-json\/wp\/v2\/media?parent=24881"}],"wp:term":[{"taxonomy":"category","embeddable":true,"href":"https:\/\/lahora.mx\/index.php\/wp-json\/wp\/v2\/categories?post=24881"},{"taxonomy":"post_tag","embeddable":true,"href":"https:\/\/lahora.mx\/index.php\/wp-json\/wp\/v2\/tags?post=24881"}],"curies":[{"name":"wp","href":"https:\/\/api.w.org\/{rel}","templated":true}]}}