{"id":2487,"date":"2022-01-31T02:31:36","date_gmt":"2022-01-31T02:31:36","guid":{"rendered":"http:\/\/lahora.mx\/?p=2487"},"modified":"2022-01-31T02:31:36","modified_gmt":"2022-01-31T02:31:36","slug":"mexico-registra-131-nuevos-decesos-y-13926-contagios-en-las-ultimas-24-horas-cuarta-ola-de-covid-19","status":"publish","type":"post","link":"https:\/\/lahora.mx\/index.php\/2022\/01\/31\/mexico-registra-131-nuevos-decesos-y-13926-contagios-en-las-ultimas-24-horas-cuarta-ola-de-covid-19\/","title":{"rendered":"M\u00e9xico registra 131 nuevos decesos y 13,926 contagios en las \u00faltimas 24 horas, cuarta ola de Covid-19"},"content":{"rendered":"<p>La Secretar\u00eda de Salud report\u00f3 este domingo 131 muertes nuevas por\u00a0<strong>Covid-19<\/strong>\u00a0y 13,926\u00a0<strong>casos confirmados\u00a0<\/strong>en las \u00faltimas 24 horas.<\/p>\n<p>La cifra de fallecimientos a causa del\u00a0<strong>coronavirus SARS-CoV-2<\/strong>\u00a0en M\u00e9xico ascendi\u00f3 a 305,893 defunciones, mientras que el acumulado de contagios desde que lleg\u00f3 la pandemia al pa\u00eds a mediados de febrero de 2020 es de 4 millones 930,069 casos.<\/p>\n<blockquote class=\"twitter-tweet\">\n<p dir=\"ltr\" lang=\"es\">Comunicado T\u00e9cnico Diario <a href=\"https:\/\/twitter.com\/hashtag\/COVID19?src=hash&amp;ref_src=twsrc%5Etfw\">#COVID19<\/a> | 30 de enero de 2022<\/p>\n<p>\u27a1\ufe0f <a href=\"https:\/\/t.co\/876CRrKqKO\">https:\/\/t.co\/876CRrKqKO<\/a> <a href=\"https:\/\/t.co\/xQsdBMfOFa\">pic.twitter.com\/xQsdBMfOFa<\/a><\/p>\n<p>\u2014 SALUD M\u00e9xico (@SSalud_mx) <a href=\"https:\/\/twitter.com\/SSalud_mx\/status\/1487939866398806016?ref_src=twsrc%5Etfw\">January 31, 2022<\/a><\/p><\/blockquote>\n<p><script async src=\"https:\/\/platform.twitter.com\/widgets.js\" charset=\"utf-8\"><\/script><\/p>\n<p>Durante la semana (del lunes 24 al domingo 30 de enero) la dependencia federal registr\u00f3\u00a0262,240 nuevos contagios y 2,710 nuevas defunciones a causa de esta enfermedad.<\/p>\n<p>Las autoridades sanitarias federales estiman 267,929 casos activos, es decir, personas que han presentado\u00a0<strong>signos y s\u00edntomas de\u00a0Covid-19<\/strong>\u00a0en los \u00faltimos 14 d\u00edas, seg\u00fan detallan en el reporte t\u00e9cnico diario sobre el avance de la epidemia.<\/p>\n<p>En el marco de la cuarta ola de\u00a0<strong>contagios de Covid-19 en M\u00e9xico<\/strong>, las entidades federativas que registran la mayor tasa de casos activos por cada 100,000 habitantes son:<\/p>\n<ul>\n<li>Baja California Sur<\/li>\n<li>Ciudad de M\u00e9xico<\/li>\n<li>Colima<\/li>\n<li>Tabasco<\/li>\n<li>Nayarit<\/li>\n<li>Quer\u00e9taro<\/li>\n<li>San Luis Potos\u00ed<\/li>\n<li>Yucat\u00e1n<\/li>\n<li>Coahuila<\/li>\n<li>Zacatecas<\/li>\n<\/ul>\n<p>En cuanto a la capacidad hospitalaria para atender a pacientes con esta enfermedad, las camas generales registran una ocupaci\u00f3n de 45%, mientras que las camas con ventilador para casos graves mantienen una ocupaci\u00f3n de 29%.<\/p>\n","protected":false},"excerpt":{"rendered":"<p>La Secretar\u00eda de Salud report\u00f3 este domingo 131 muertes nuevas por\u00a0Covid-19\u00a0y 13,926\u00a0casos confirmados\u00a0en las \u00faltimas 24 horas. La cifra de fallecimientos a causa del\u00a0coronavirus SARS-CoV-2\u00a0en M\u00e9xico ascendi\u00f3 a 305,893 defunciones, mientras que el acumulado de contagios desde que lleg\u00f3 la pandemia al pa\u00eds a mediados de febrero de 2020 es de 4 millones 930,069 casos. [&hellip;]<\/p>\n","protected":false},"author":5,"featured_media":2488,"comment_status":"open","ping_status":"open","sticky":false,"template":"","format":"standard","meta":{"om_disable_all_campaigns":false,"_monsterinsights_skip_tracking":false,"_monsterinsights_sitenote_active":false,"_monsterinsights_sitenote_note":"","_monsterinsights_sitenote_category":0,"footnotes":""},"categories":[176],"tags":[195],"class_list":["post-2487","post","type-post","status-publish","format-standard","has-post-thumbnail","hentry","category-nacional","tag-principal"],"amp_enabled":true,"_links":{"self":[{"href":"https:\/\/lahora.mx\/index.php\/wp-json\/wp\/v2\/posts\/2487","targetHints":{"allow":["GET"]}}],"collection":[{"href":"https:\/\/lahora.mx\/index.php\/wp-json\/wp\/v2\/posts"}],"about":[{"href":"https:\/\/lahora.mx\/index.php\/wp-json\/wp\/v2\/types\/post"}],"author":[{"embeddable":true,"href":"https:\/\/lahora.mx\/index.php\/wp-json\/wp\/v2\/users\/5"}],"replies":[{"embeddable":true,"href":"https:\/\/lahora.mx\/index.php\/wp-json\/wp\/v2\/comments?post=2487"}],"version-history":[{"count":1,"href":"https:\/\/lahora.mx\/index.php\/wp-json\/wp\/v2\/posts\/2487\/revisions"}],"predecessor-version":[{"id":2489,"href":"https:\/\/lahora.mx\/index.php\/wp-json\/wp\/v2\/posts\/2487\/revisions\/2489"}],"wp:featuredmedia":[{"embeddable":true,"href":"https:\/\/lahora.mx\/index.php\/wp-json\/wp\/v2\/media\/2488"}],"wp:attachment":[{"href":"https:\/\/lahora.mx\/index.php\/wp-json\/wp\/v2\/media?parent=2487"}],"wp:term":[{"taxonomy":"category","embeddable":true,"href":"https:\/\/lahora.mx\/index.php\/wp-json\/wp\/v2\/categories?post=2487"},{"taxonomy":"post_tag","embeddable":true,"href":"https:\/\/lahora.mx\/index.php\/wp-json\/wp\/v2\/tags?post=2487"}],"curies":[{"name":"wp","href":"https:\/\/api.w.org\/{rel}","templated":true}]}}