{"id":24841,"date":"2023-04-13T20:07:55","date_gmt":"2023-04-13T20:07:55","guid":{"rendered":"http:\/\/lahora.mx\/?p=24841"},"modified":"2023-04-13T20:07:55","modified_gmt":"2023-04-13T20:07:55","slug":"el-actor-drake-bell-desaparece-en-usa-esto-es-lo-que-se-sabe","status":"publish","type":"post","link":"https:\/\/lahora.mx\/index.php\/2023\/04\/13\/el-actor-drake-bell-desaparece-en-usa-esto-es-lo-que-se-sabe\/","title":{"rendered":"EL actor Drake  Bell desaparece en USA, esto es lo que se sabe"},"content":{"rendered":"\n<p>El actor Drake Bell se encuentra desaparecido, as\u00ed lo dio a conocer el medio TMZ a trav\u00e9s de sus redes sociales. La polic\u00eda asegura es real.<\/p>\n\n\n\n<p>De acuerdo a su portal, el artista fue visto por \u00faltima vez conduciendo un BMW gris 2022 ayer mi\u00e9rcoles 12 de abril alrededor de las 9:00 de la noche, en alg\u00fan lugar del \u00e1rea de Mainland High School.<\/p>\n\n\n\n<p>Mediante su cuenta de Facebook, la polic\u00eda se\u00f1al\u00f3 que su desaparici\u00f3n es real, debido a los comentarios que refer\u00edan no se trataba del famoso actor.<\/p>\n\n\n\n<p>Para aquellos que preguntan, esta es una publicaci\u00f3n leg\u00edtima del Departamento de Polic\u00eda de Daytona Beach. Si tiene alguna informaci\u00f3n, por favor p\u00f3ngase en contacto con el detective Jayson Wallace\u00bb.<\/p>\n\n\n\n<p>Apenas el pasado mes de enero del presente a\u00f1o se inform\u00f3 que la famosa estrella de Nickelodeon, se encontrar\u00eda rehabilit\u00e1ndose de sus problemas de adicciones.<\/p>\n\n\n\n<p>Una fuente cercana al actor, a trav\u00e9s del portal de noticias Page Six, asegur\u00f3 que Bell podr\u00eda estar enfrentando el inicio de un proceso de divorcio con su a\u00fan pareja, Janet Von Schmeling.<\/p>\n\n\n\n<p>En el 2016 fue sentenciado a trabajo comunitario por conducir en estado de ebriedad y m\u00e1s recientemente, en el 2021, fue condenado a dos a\u00f1os de libertad condicional por poner en peligro a una menor y difundir material perjudicial.<br>El 2022 estall\u00f3 contra su ex compa\u00f1ero Josh Peck y lo se\u00f1al\u00f3 de xenof\u00f3bico y revel\u00f3 algunas situaciones que lo llevaron a cancelar su participaci\u00f3n en el reboot de la exitosa serie \u201cDrake y Josh\u201d.<\/p>\n\n\n\n<p>En un podcast que realiz\u00f3 Bell en marzo de 2022 junto con su esposa Janet Von Schmeling, el cantante rompi\u00f3 el silencio manifestando que su ex compa\u00f1ero discrimina al pueblo mexicano.<\/p>\n\n\n\n<p>Von Schmeling indic\u00f3 que Josh fue quien escribi\u00f3 el guion e inmediatamente puntualiz\u00f3: \u201cJosh puso a Drake como un m\u00fasico fracasado y a \u00e9l como un agente de bienes ra\u00edces. Ok, est\u00e1 bien, pero Drake es m\u00fasico en la vida real, as\u00ed que no tendr\u00eda sentido\u201d.<\/p>\n\n\n\n<p>Acto seguido, Bell manifest\u00f3 que el texto de Josh estaba lleno de bromas racistas y xenof\u00f3bicas hacia M\u00e9xico.<\/p>\n","protected":false},"excerpt":{"rendered":"<p>El actor Drake Bell se encuentra desaparecido, as\u00ed lo dio a conocer el medio TMZ a trav\u00e9s de sus redes sociales. La polic\u00eda asegura es real. De acuerdo a su portal, el artista fue visto por \u00faltima vez conduciendo un BMW gris 2022 ayer mi\u00e9rcoles 12 de abril alrededor de las 9:00 de la noche, [&hellip;]<\/p>\n","protected":false},"author":4,"featured_media":24854,"comment_status":"open","ping_status":"open","sticky":false,"template":"","format":"standard","meta":{"om_disable_all_campaigns":false,"_monsterinsights_skip_tracking":false,"_monsterinsights_sitenote_active":false,"_monsterinsights_sitenote_note":"","_monsterinsights_sitenote_category":0,"footnotes":""},"categories":[183],"tags":[],"class_list":["post-24841","post","type-post","status-publish","format-standard","has-post-thumbnail","hentry","category-internacional"],"amp_enabled":true,"_links":{"self":[{"href":"https:\/\/lahora.mx\/index.php\/wp-json\/wp\/v2\/posts\/24841","targetHints":{"allow":["GET"]}}],"collection":[{"href":"https:\/\/lahora.mx\/index.php\/wp-json\/wp\/v2\/posts"}],"about":[{"href":"https:\/\/lahora.mx\/index.php\/wp-json\/wp\/v2\/types\/post"}],"author":[{"embeddable":true,"href":"https:\/\/lahora.mx\/index.php\/wp-json\/wp\/v2\/users\/4"}],"replies":[{"embeddable":true,"href":"https:\/\/lahora.mx\/index.php\/wp-json\/wp\/v2\/comments?post=24841"}],"version-history":[{"count":1,"href":"https:\/\/lahora.mx\/index.php\/wp-json\/wp\/v2\/posts\/24841\/revisions"}],"predecessor-version":[{"id":24855,"href":"https:\/\/lahora.mx\/index.php\/wp-json\/wp\/v2\/posts\/24841\/revisions\/24855"}],"wp:featuredmedia":[{"embeddable":true,"href":"https:\/\/lahora.mx\/index.php\/wp-json\/wp\/v2\/media\/24854"}],"wp:attachment":[{"href":"https:\/\/lahora.mx\/index.php\/wp-json\/wp\/v2\/media?parent=24841"}],"wp:term":[{"taxonomy":"category","embeddable":true,"href":"https:\/\/lahora.mx\/index.php\/wp-json\/wp\/v2\/categories?post=24841"},{"taxonomy":"post_tag","embeddable":true,"href":"https:\/\/lahora.mx\/index.php\/wp-json\/wp\/v2\/tags?post=24841"}],"curies":[{"name":"wp","href":"https:\/\/api.w.org\/{rel}","templated":true}]}}