{"id":2484,"date":"2022-01-31T00:59:03","date_gmt":"2022-01-31T00:59:03","guid":{"rendered":"http:\/\/lahora.mx\/?p=2484"},"modified":"2022-01-31T00:59:03","modified_gmt":"2022-01-31T00:59:03","slug":"propondra-eduardo-rivera-a-carlos-slim-invertir-en-vivienda-social-en-el-centro-historico","status":"publish","type":"post","link":"https:\/\/lahora.mx\/index.php\/2022\/01\/31\/propondra-eduardo-rivera-a-carlos-slim-invertir-en-vivienda-social-en-el-centro-historico\/","title":{"rendered":"Propondr\u00e1 Eduardo Rivera a Carlos Slim invertir en vivienda social en el Centro Hist\u00f3rico"},"content":{"rendered":"<p>La administraci\u00f3n municipal mantiene su dinamismo de trabajo para\u00a0<strong>impulsar la inversi\u00f3n privada<\/strong>\u00a0en construcci\u00f3n de vivienda social en\u00a0<strong>el Centro Hist\u00f3rico<\/strong>, advirti\u00f3\u00a0<strong>Eduardo Rivera P\u00e9rez,<\/strong>\u00a0pues\u00a0no descartar realizar los primeros acercamientos con el empresario\u00a0<strong>Carlos Slim<\/strong>\u00a0para replicar un programas de\u00a0redensificaci\u00f3n habitacional similar al de la\u00a0<strong>Ciudad de M\u00e9xico.<\/strong><\/p>\n<p>Subray\u00f3 que el convenio con los presidentes de la\u00a0<strong>C\u00e1mara Nacional de la Industria de Desarrollo y Promoci\u00f3n de Vivienda (Canadevi)<\/strong>\u00a0y\u00a0<strong>C\u00e1mara Nacional de la Industria de la Construcci\u00f3n (CMIC)<\/strong>, seguramente ocurrir\u00e1 antes del mi\u00e9rcoles 1 de marzo. Puntualiz\u00f3.<\/p>\n<blockquote><p>Es un convenio muy importante, que en (la etapa de) transici\u00f3n se proyect\u00f3 con la c\u00e1mara nacional (de la industria de desarrollo y promoci\u00f3n de la vivienda) para repoblar al centro. Lo que queremos hacer un proyecto general.<\/p><\/blockquote>\n<p>Prioriz\u00f3 que el programa propiciar\u00e1\u00a0la\u00a0<strong>generaci\u00f3n de empleo<\/strong>\u00a0y\u00a0<strong>dinamismo de\u00a0la econom\u00eda de la ciudad<\/strong>, pero apoyando a la poblaci\u00f3n que m\u00e1s lo necesita y, lo mejor, se relaciona con\u00a0la vivienda en Puebla capital.<\/p>\n<blockquote><p>El tema tan importante de la vivienda en Puebla hay un d\u00e9ficit de viviente, sobre todo de vivienda popular, de vivienda que puede estar dentro de un costo de los 450 mil y medio mill\u00f3n de pesos.<\/p><\/blockquote>\n<p>No descart\u00f3 que en este programa tambi\u00e9n puedan construirse\u00a0<strong>inmuebles de hasta un mill\u00f3n de pesos para una vocaci\u00f3n hotelera, restaurantera<\/strong>\u00a0u otro tipo de empresas generadoras de fuentes laborales.<\/p>\n<p>Rivera P\u00e9rez\u00a0insisti\u00f3 que el proyecto se redondear\u00e1 con las facilidades que otorgar\u00e1 el gobierno municipal, como\u00a0<strong>incentivos para exentar el pago de impuestos<\/strong>\u00a0y banco de tiro a aquellas construcciones de vivienda que tenga como objetivo el beneficio de los trabajadores y de las trabajadoras para casas en una escala de precios razonable.<\/p>\n<p>Indic\u00f3 que su plan de desarrollo inmobiliario ocupa tres pol\u00edgonos:\u00a0<strong>Centro Hist\u00f3rico<\/strong>,\u00a0un anillo\u00a0<strong>circundante al centro\u00a0<\/strong>y un tercer anillo entre el coraz\u00f3n de Puebla, el\u00a0<strong>Perif\u00e9rico y la autopista Puebla-M\u00e9xico. <\/strong>Destac\u00f3.<\/p>\n<blockquote><p>Hemos venido platicando con ellos y estamos en este proceso, estamos abiertos al di\u00e1logo para llegar a un acuerdo para que con esos incentivos que pueda dar el gobierno municipal permita a los empresarios la capacidad de brindar esas viviendas.<\/p><\/blockquote>\n<p>Pero aclar\u00f3 que los lugares seleccionados para la construcci\u00f3n ya cuentan con los servicios de alumbrado p\u00fablico, red de colectores de agua pluvial y residuales, adem\u00e1s del suministro de agua y calles construidas.<\/p>\n","protected":false},"excerpt":{"rendered":"<p>La administraci\u00f3n municipal mantiene su dinamismo de trabajo para\u00a0impulsar la inversi\u00f3n privada\u00a0en construcci\u00f3n de vivienda social en\u00a0el Centro Hist\u00f3rico, advirti\u00f3\u00a0Eduardo Rivera P\u00e9rez,\u00a0pues\u00a0no descartar realizar los primeros acercamientos con el empresario\u00a0Carlos Slim\u00a0para replicar un programas de\u00a0redensificaci\u00f3n habitacional similar al de la\u00a0Ciudad de M\u00e9xico. Subray\u00f3 que el convenio con los presidentes de la\u00a0C\u00e1mara Nacional de la Industria [&hellip;]<\/p>\n","protected":false},"author":5,"featured_media":2485,"comment_status":"open","ping_status":"open","sticky":false,"template":"","format":"standard","meta":{"om_disable_all_campaigns":false,"_monsterinsights_skip_tracking":false,"_monsterinsights_sitenote_active":false,"_monsterinsights_sitenote_note":"","_monsterinsights_sitenote_category":0,"footnotes":""},"categories":[175],"tags":[223],"class_list":["post-2484","post","type-post","status-publish","format-standard","has-post-thumbnail","hentry","category-local","tag-puebla"],"amp_enabled":true,"_links":{"self":[{"href":"https:\/\/lahora.mx\/index.php\/wp-json\/wp\/v2\/posts\/2484","targetHints":{"allow":["GET"]}}],"collection":[{"href":"https:\/\/lahora.mx\/index.php\/wp-json\/wp\/v2\/posts"}],"about":[{"href":"https:\/\/lahora.mx\/index.php\/wp-json\/wp\/v2\/types\/post"}],"author":[{"embeddable":true,"href":"https:\/\/lahora.mx\/index.php\/wp-json\/wp\/v2\/users\/5"}],"replies":[{"embeddable":true,"href":"https:\/\/lahora.mx\/index.php\/wp-json\/wp\/v2\/comments?post=2484"}],"version-history":[{"count":1,"href":"https:\/\/lahora.mx\/index.php\/wp-json\/wp\/v2\/posts\/2484\/revisions"}],"predecessor-version":[{"id":2486,"href":"https:\/\/lahora.mx\/index.php\/wp-json\/wp\/v2\/posts\/2484\/revisions\/2486"}],"wp:featuredmedia":[{"embeddable":true,"href":"https:\/\/lahora.mx\/index.php\/wp-json\/wp\/v2\/media\/2485"}],"wp:attachment":[{"href":"https:\/\/lahora.mx\/index.php\/wp-json\/wp\/v2\/media?parent=2484"}],"wp:term":[{"taxonomy":"category","embeddable":true,"href":"https:\/\/lahora.mx\/index.php\/wp-json\/wp\/v2\/categories?post=2484"},{"taxonomy":"post_tag","embeddable":true,"href":"https:\/\/lahora.mx\/index.php\/wp-json\/wp\/v2\/tags?post=2484"}],"curies":[{"name":"wp","href":"https:\/\/api.w.org\/{rel}","templated":true}]}}