{"id":24835,"date":"2023-04-13T13:57:13","date_gmt":"2023-04-13T13:57:13","guid":{"rendered":"http:\/\/lahora.mx\/?p=24835"},"modified":"2023-04-13T13:57:13","modified_gmt":"2023-04-13T13:57:13","slug":"le-niegan-libertad-condicional-a-javier-zavala-por-feminicidio-de-expareja","status":"publish","type":"post","link":"https:\/\/lahora.mx\/index.php\/2023\/04\/13\/le-niegan-libertad-condicional-a-javier-zavala-por-feminicidio-de-expareja\/","title":{"rendered":"Le niegan libertad condicional a Javier Zavala por feminicidio de expareja"},"content":{"rendered":"\n<p>Javier L\u00f3pez Zavala vinculado a proceso por el presunto delito de feminicidio de su expareja y madre de su hijo, la activista Cecilia Monz\u00f3n, continuar\u00e1 en prisi\u00f3n preventiva tras la resoluci\u00f3n en audiencia celebrada este mi\u00e9rcoles.<\/p>\n\n\n\n<p>Helena Monz\u00f3n, hermana de la v\u00edctima mortal y tambi\u00e9n activista, declar\u00f3 que Javier L\u00f3pez Zavala y su defensa buscaban alegar un supuesto fraude procesal para as\u00ed buscar su libertad condicional.<\/p>\n\n\n\n<p>Sin embargo, dicho alegato fue desechado por un juez durante la audiencia celebrada este d\u00eda.<br>A trav\u00e9s de una publicaci\u00f3n en su cuenta de Twitter, Helena Monz\u00f3n asegura encontrarse a la espera de la audiencia intermedia en la que deber\u00eda darse una resoluci\u00f3n sobre el destino jur\u00eddico del expol\u00edtico priista.<\/p>\n\n\n\n<p>\u201cEsperamos que todo siga su curso y pronto podamos estar en esa audiencia intermedia que tanto estamos buscando\u201d.<br>Ante lo cual congratul\u00f3 que la Fiscal\u00eda General del Estado de Puebla (FGE Puebla) y la representaci\u00f3n legal de Cecilia Monz\u00f3n, hayan aportado los argumentos necesarios para no decretar la libertad que pretend\u00eda L\u00f3pez Zavala.<\/p>\n\n\n\n<p>Horas antes de la celebraci\u00f3n de la audiencia, Helena Monz\u00f3n hab\u00eda advertido que fue notificada sobre el recurso del que la defensa del exfuncionario iba a valerse.<\/p>\n\n\n\n<p>Desde que se inici\u00f3 el proceso por el probable feminicidio de Cecilia Monz\u00f3n, las audiencias en que se determinar\u00eda el destino jur\u00eddico de L\u00f3pez Zavala han sido diferidas en un par de ocasiones.<\/p>\n","protected":false},"excerpt":{"rendered":"<p>Javier L\u00f3pez Zavala vinculado a proceso por el presunto delito de feminicidio de su expareja y madre de su hijo, la activista Cecilia Monz\u00f3n, continuar\u00e1 en prisi\u00f3n preventiva tras la resoluci\u00f3n en audiencia celebrada este mi\u00e9rcoles. Helena Monz\u00f3n, hermana de la v\u00edctima mortal y tambi\u00e9n activista, declar\u00f3 que Javier L\u00f3pez Zavala y su defensa buscaban [&hellip;]<\/p>\n","protected":false},"author":4,"featured_media":24836,"comment_status":"open","ping_status":"open","sticky":false,"template":"","format":"standard","meta":{"om_disable_all_campaigns":false,"_monsterinsights_skip_tracking":false,"_monsterinsights_sitenote_active":false,"_monsterinsights_sitenote_note":"","_monsterinsights_sitenote_category":0,"footnotes":""},"categories":[175],"tags":[223],"class_list":["post-24835","post","type-post","status-publish","format-standard","has-post-thumbnail","hentry","category-local","tag-puebla"],"amp_enabled":true,"_links":{"self":[{"href":"https:\/\/lahora.mx\/index.php\/wp-json\/wp\/v2\/posts\/24835","targetHints":{"allow":["GET"]}}],"collection":[{"href":"https:\/\/lahora.mx\/index.php\/wp-json\/wp\/v2\/posts"}],"about":[{"href":"https:\/\/lahora.mx\/index.php\/wp-json\/wp\/v2\/types\/post"}],"author":[{"embeddable":true,"href":"https:\/\/lahora.mx\/index.php\/wp-json\/wp\/v2\/users\/4"}],"replies":[{"embeddable":true,"href":"https:\/\/lahora.mx\/index.php\/wp-json\/wp\/v2\/comments?post=24835"}],"version-history":[{"count":1,"href":"https:\/\/lahora.mx\/index.php\/wp-json\/wp\/v2\/posts\/24835\/revisions"}],"predecessor-version":[{"id":24837,"href":"https:\/\/lahora.mx\/index.php\/wp-json\/wp\/v2\/posts\/24835\/revisions\/24837"}],"wp:featuredmedia":[{"embeddable":true,"href":"https:\/\/lahora.mx\/index.php\/wp-json\/wp\/v2\/media\/24836"}],"wp:attachment":[{"href":"https:\/\/lahora.mx\/index.php\/wp-json\/wp\/v2\/media?parent=24835"}],"wp:term":[{"taxonomy":"category","embeddable":true,"href":"https:\/\/lahora.mx\/index.php\/wp-json\/wp\/v2\/categories?post=24835"},{"taxonomy":"post_tag","embeddable":true,"href":"https:\/\/lahora.mx\/index.php\/wp-json\/wp\/v2\/tags?post=24835"}],"curies":[{"name":"wp","href":"https:\/\/api.w.org\/{rel}","templated":true}]}}