{"id":24832,"date":"2023-04-13T02:30:05","date_gmt":"2023-04-13T02:30:05","guid":{"rendered":"http:\/\/lahora.mx\/?p=24832"},"modified":"2023-04-13T02:30:05","modified_gmt":"2023-04-13T02:30:05","slug":"para-impulsar-el-turismo-capacitan-en-huamantla-a-presentadores-de-servicios","status":"publish","type":"post","link":"https:\/\/lahora.mx\/index.php\/2023\/04\/13\/para-impulsar-el-turismo-capacitan-en-huamantla-a-presentadores-de-servicios\/","title":{"rendered":"Para impulsar el turismo capacitan en Huamantla a presentadores de servicios"},"content":{"rendered":"\n<p>Con el prop\u00f3sito de elevar la calidad en el servicio y atenci\u00f3n a los turistas locales e internacionales al Pueblo M\u00e1gico de Huamantla, el gobierno municipal con el apoyo de la Secretar\u00eda de Turismo del Estado (Secture), brindaron una capacitaci\u00f3n a prestadores de servicios tur\u00edsticos, hoteleros y restauranteros, de cara al Mundial de Voleibol 2023 que se realizar\u00e1 el pr\u00f3ximo mes de octubre.<\/p>\n\n\n\n<p>Las autoridades municipales, se\u00f1alaron que est\u00e1s capacitaciones y talleres son fundamentales para brindar un recibimiento con calidad y calidez a los turistas que lleguen a Huamantla, pues en este municipio se instalar\u00e1 una de las canchas de esta competencia deportiva internacional.<\/p>\n\n\n\n<p>Con el tema \u201cAdministrando la cadena de aprovisionamiento\u201d, los asistentes a este curso conocer\u00e1n nuevas estrategias y consejos de c\u00f3mo vender m\u00e1s y mejores experiencias con sus productos o servicios; incluso surgi\u00f3 la idea de crear la ruta de las orqu\u00eddeas y la ruta del durazno.<\/p>\n\n\n\n<p>Finalmente, las autoridades estatales y municipales, invitan a los prestadores de servicio de Huamantla, a participar en estos cursos y capacitaciones, ya que trabajando juntos se impulsa el turismo y el comercio, y se eleva el reconocimiento del Pueblo M\u00e1gico.<\/p>\n","protected":false},"excerpt":{"rendered":"<p>Con el prop\u00f3sito de elevar la calidad en el servicio y atenci\u00f3n a los turistas locales e internacionales al Pueblo M\u00e1gico de Huamantla, el gobierno municipal con el apoyo de la Secretar\u00eda de Turismo del Estado (Secture), brindaron una capacitaci\u00f3n a prestadores de servicios tur\u00edsticos, hoteleros y restauranteros, de cara al Mundial de Voleibol 2023 [&hellip;]<\/p>\n","protected":false},"author":4,"featured_media":24833,"comment_status":"open","ping_status":"open","sticky":false,"template":"","format":"standard","meta":{"om_disable_all_campaigns":false,"_monsterinsights_skip_tracking":false,"_monsterinsights_sitenote_active":false,"_monsterinsights_sitenote_note":"","_monsterinsights_sitenote_category":0,"footnotes":""},"categories":[175],"tags":[223,210],"class_list":["post-24832","post","type-post","status-publish","format-standard","has-post-thumbnail","hentry","category-local","tag-puebla","tag-tlaxcala"],"amp_enabled":true,"_links":{"self":[{"href":"https:\/\/lahora.mx\/index.php\/wp-json\/wp\/v2\/posts\/24832","targetHints":{"allow":["GET"]}}],"collection":[{"href":"https:\/\/lahora.mx\/index.php\/wp-json\/wp\/v2\/posts"}],"about":[{"href":"https:\/\/lahora.mx\/index.php\/wp-json\/wp\/v2\/types\/post"}],"author":[{"embeddable":true,"href":"https:\/\/lahora.mx\/index.php\/wp-json\/wp\/v2\/users\/4"}],"replies":[{"embeddable":true,"href":"https:\/\/lahora.mx\/index.php\/wp-json\/wp\/v2\/comments?post=24832"}],"version-history":[{"count":1,"href":"https:\/\/lahora.mx\/index.php\/wp-json\/wp\/v2\/posts\/24832\/revisions"}],"predecessor-version":[{"id":24834,"href":"https:\/\/lahora.mx\/index.php\/wp-json\/wp\/v2\/posts\/24832\/revisions\/24834"}],"wp:featuredmedia":[{"embeddable":true,"href":"https:\/\/lahora.mx\/index.php\/wp-json\/wp\/v2\/media\/24833"}],"wp:attachment":[{"href":"https:\/\/lahora.mx\/index.php\/wp-json\/wp\/v2\/media?parent=24832"}],"wp:term":[{"taxonomy":"category","embeddable":true,"href":"https:\/\/lahora.mx\/index.php\/wp-json\/wp\/v2\/categories?post=24832"},{"taxonomy":"post_tag","embeddable":true,"href":"https:\/\/lahora.mx\/index.php\/wp-json\/wp\/v2\/tags?post=24832"}],"curies":[{"name":"wp","href":"https:\/\/api.w.org\/{rel}","templated":true}]}}