{"id":24829,"date":"2023-04-13T02:21:00","date_gmt":"2023-04-13T02:21:00","guid":{"rendered":"http:\/\/lahora.mx\/?p=24829"},"modified":"2023-04-13T02:21:00","modified_gmt":"2023-04-13T02:21:00","slug":"el-presidente-del-senado-alejandro-armenta-da-seguimiento-a-la-agenda-de-trabajo-acordada-con-la-confederacion-de-camaras-industriales-concamin","status":"publish","type":"post","link":"https:\/\/lahora.mx\/index.php\/2023\/04\/13\/el-presidente-del-senado-alejandro-armenta-da-seguimiento-a-la-agenda-de-trabajo-acordada-con-la-confederacion-de-camaras-industriales-concamin\/","title":{"rendered":"El presidente del Senado, Alejandro Armenta da seguimiento a la agenda de trabajo acordada con la Confederaci\u00f3n de C\u00e1maras Industriales (CONCAMIN)."},"content":{"rendered":"\n<p>Toda vez que se estableci\u00f3 una agenda de trabajo con el sector industrial, donde se establece el di\u00e1logo e intercambio de proyecciones para la reactivaci\u00f3n econ\u00f3mica, el senador de Morena y presidente de la C\u00e1mara Alta Alejandro Armenta reiter\u00f3 que se est\u00e1n cumpliendo con los compromisos de promoci\u00f3n para las oportunidades de negocios que se requieren.<\/p>\n\n\n\n<p>Por ello, en el marco de la inauguraci\u00f3n de la Exposici\u00f3n \u201cLa Industria en M\u00e9xico\u201d en coordinaci\u00f3n con la CONCAM\u00cdN, el tambi\u00e9n senador de Morena refiri\u00f3 que en el mes de enero se acordaron temas a concretar en la Casona de Xicot\u00e9ncatl, principalmente para fomentar un escaparate nacional e internacional de las y los emprendedores de ramas productivas que concentran el 70 % de la generaci\u00f3n de empleos.<\/p>\n\n\n\n<p>\u201cEn el Senado de la Rep\u00fablica, en la pluralidad democr\u00e1tica que existe en la representaci\u00f3n de todas las fuerzas pol\u00edticas que hay, se generan espacios de difusi\u00f3n como esta galer\u00eda donde se observa la participaci\u00f3n de la industria de alimentos, bebidas, textiles, calzado, acero, pl\u00e1stico y aluminio entre otros productos\u201d.<\/p>\n\n\n\n<p>Como parte de esa agenda de trabajo, es importante resaltar que se incluye el seguimiento a la propuesta del Ejecutivo Federal, para crear un comit\u00e9 conjunto con Estados Unidos y Canad\u00e1 como resultado de la X Cumbre de L\u00edderes de Am\u00e9rica Norte celebrada a inicio de a\u00f1o.<\/p>\n\n\n\n<p>El compromiso de la agenda conjunta de CONCAMIN con el Senado es coadyuvar a un esquema de sustituci\u00f3n de importaciones, tomando en cuenta que agrupan a 125 c\u00e1maras y asociaciones que representan el 40 por ciento del Producto Interno Bruto (PIB); el 52 por ciento del empleo formal y m\u00e1s de 90 por ciento de las exportaciones del pa\u00eds.<\/p>\n","protected":false},"excerpt":{"rendered":"<p>Toda vez que se estableci\u00f3 una agenda de trabajo con el sector industrial, donde se establece el di\u00e1logo e intercambio de proyecciones para la reactivaci\u00f3n econ\u00f3mica, el senador de Morena y presidente de la C\u00e1mara Alta Alejandro Armenta reiter\u00f3 que se est\u00e1n cumpliendo con los compromisos de promoci\u00f3n para las oportunidades de negocios que se [&hellip;]<\/p>\n","protected":false},"author":4,"featured_media":24830,"comment_status":"open","ping_status":"open","sticky":false,"template":"","format":"standard","meta":{"om_disable_all_campaigns":false,"_monsterinsights_skip_tracking":false,"_monsterinsights_sitenote_active":false,"_monsterinsights_sitenote_note":"","_monsterinsights_sitenote_category":0,"footnotes":""},"categories":[175],"tags":[223],"class_list":["post-24829","post","type-post","status-publish","format-standard","has-post-thumbnail","hentry","category-local","tag-puebla"],"amp_enabled":true,"_links":{"self":[{"href":"https:\/\/lahora.mx\/index.php\/wp-json\/wp\/v2\/posts\/24829","targetHints":{"allow":["GET"]}}],"collection":[{"href":"https:\/\/lahora.mx\/index.php\/wp-json\/wp\/v2\/posts"}],"about":[{"href":"https:\/\/lahora.mx\/index.php\/wp-json\/wp\/v2\/types\/post"}],"author":[{"embeddable":true,"href":"https:\/\/lahora.mx\/index.php\/wp-json\/wp\/v2\/users\/4"}],"replies":[{"embeddable":true,"href":"https:\/\/lahora.mx\/index.php\/wp-json\/wp\/v2\/comments?post=24829"}],"version-history":[{"count":1,"href":"https:\/\/lahora.mx\/index.php\/wp-json\/wp\/v2\/posts\/24829\/revisions"}],"predecessor-version":[{"id":24831,"href":"https:\/\/lahora.mx\/index.php\/wp-json\/wp\/v2\/posts\/24829\/revisions\/24831"}],"wp:featuredmedia":[{"embeddable":true,"href":"https:\/\/lahora.mx\/index.php\/wp-json\/wp\/v2\/media\/24830"}],"wp:attachment":[{"href":"https:\/\/lahora.mx\/index.php\/wp-json\/wp\/v2\/media?parent=24829"}],"wp:term":[{"taxonomy":"category","embeddable":true,"href":"https:\/\/lahora.mx\/index.php\/wp-json\/wp\/v2\/categories?post=24829"},{"taxonomy":"post_tag","embeddable":true,"href":"https:\/\/lahora.mx\/index.php\/wp-json\/wp\/v2\/tags?post=24829"}],"curies":[{"name":"wp","href":"https:\/\/api.w.org\/{rel}","templated":true}]}}