{"id":24826,"date":"2023-04-13T02:17:17","date_gmt":"2023-04-13T02:17:17","guid":{"rendered":"http:\/\/lahora.mx\/?p=24826"},"modified":"2023-04-13T02:17:18","modified_gmt":"2023-04-13T02:17:18","slug":"lupita-cuatle-presenta-la-segunda-edicion-del-programa-ninas-y-ninos-hacia-el-futuro","status":"publish","type":"post","link":"https:\/\/lahora.mx\/index.php\/2023\/04\/13\/lupita-cuatle-presenta-la-segunda-edicion-del-programa-ninas-y-ninos-hacia-el-futuro\/","title":{"rendered":"Lupita Cuatle presenta la segunda edici\u00f3n del programa ni\u00f1as y ni\u00f1os hacia el futuro"},"content":{"rendered":"\n<p>En el marco del Mes de la Ni\u00f1ez, Lupita Cuautle, presidenta del Patronato del Sistema Municipal para el Desarrollo Integral de la Familia (SMDIF), present\u00f3 ante medios de comunicaci\u00f3n las actividades de la segunda edici\u00f3n del programa \u201cNi\u00f1as y Ni\u00f1os Hacia el Futuro\u201d.<\/p>\n\n\n\n<p>Al respecto, enfatiz\u00f3 la importancia de garantizar que la infancia crezca en ambientes seguros y acceda a los recursos necesarios para alcanzar su m\u00e1ximo potencial, por lo que a trav\u00e9s del SMDIF se han implementado acciones a favor de este sector poblacional, principalmente por parte del Comit\u00e9 Municipal del Sistema de Protecci\u00f3n Integral de los Derechos de las Ni\u00f1as, Ni\u00f1os y Adolescentes (SIPINNA).<\/p>\n\n\n\n<p>Tambi\u00e9n, destac\u00f3 el trabajo orientado a promover habilidades sociales y emocionales, as\u00ed como de fomentar la curiosidad y la creatividad, de manera que, se incentive la participaci\u00f3n de los menores de edad en la toma de decisiones, sobre todo, de aquellas que pudieran afectarlos, ya que es prioridad integrar su visi\u00f3n del mundo en las iniciativas que el gobierno presenta.<\/p>\n\n\n\n<p>Por su parte, Marianela L\u00f3pez Hern\u00e1ndez, coordinadora general del SMDIF, reconoci\u00f3 la labor que el personal realiza para brindar bienestar a la poblaci\u00f3n, en esta ocasi\u00f3n, mediante actividades recreativas que buscan contribuir a un mejor futuro para las y los peque\u00f1os.<\/p>\n\n\n\n<p>En ese sentido, present\u00f3 el programa gratuito que contempla tardes de cine en colonias y juntas auxiliares de San Andr\u00e9s Cholula del 17 al 28 de abril; una carrera infantil el 23 de abril en el Z\u00f3calo Municipal; cuentacuentos el 27 de abril; as\u00ed como una feria en el Parque Intermunicipal el 30 de abril, abierta al p\u00fablico a partir de las 10 de la ma\u00f1ana.<\/p>\n\n\n\n<p>Finalmente, Karen Toxtle Tolama, titular de la coordinaci\u00f3n de Desarrollo Comunitario del SMDIF, refiri\u00f3 que en seguimiento a la instrucci\u00f3n del edil Mundo Tlatehui de promover espacios de integraci\u00f3n para la ni\u00f1ez sanandrese\u00f1a, por segunda vez se realizar\u00e1n eventos culturales, de entretenimiento y art\u00edsticos en las comunidades.<\/p>\n","protected":false},"excerpt":{"rendered":"<p>En el marco del Mes de la Ni\u00f1ez, Lupita Cuautle, presidenta del Patronato del Sistema Municipal para el Desarrollo Integral de la Familia (SMDIF), present\u00f3 ante medios de comunicaci\u00f3n las actividades de la segunda edici\u00f3n del programa \u201cNi\u00f1as y Ni\u00f1os Hacia el Futuro\u201d. Al respecto, enfatiz\u00f3 la importancia de garantizar que la infancia crezca en [&hellip;]<\/p>\n","protected":false},"author":4,"featured_media":24827,"comment_status":"open","ping_status":"open","sticky":false,"template":"","format":"standard","meta":{"om_disable_all_campaigns":false,"_monsterinsights_skip_tracking":false,"_monsterinsights_sitenote_active":false,"_monsterinsights_sitenote_note":"","_monsterinsights_sitenote_category":0,"footnotes":""},"categories":[175],"tags":[223],"class_list":["post-24826","post","type-post","status-publish","format-standard","has-post-thumbnail","hentry","category-local","tag-puebla"],"amp_enabled":true,"_links":{"self":[{"href":"https:\/\/lahora.mx\/index.php\/wp-json\/wp\/v2\/posts\/24826","targetHints":{"allow":["GET"]}}],"collection":[{"href":"https:\/\/lahora.mx\/index.php\/wp-json\/wp\/v2\/posts"}],"about":[{"href":"https:\/\/lahora.mx\/index.php\/wp-json\/wp\/v2\/types\/post"}],"author":[{"embeddable":true,"href":"https:\/\/lahora.mx\/index.php\/wp-json\/wp\/v2\/users\/4"}],"replies":[{"embeddable":true,"href":"https:\/\/lahora.mx\/index.php\/wp-json\/wp\/v2\/comments?post=24826"}],"version-history":[{"count":1,"href":"https:\/\/lahora.mx\/index.php\/wp-json\/wp\/v2\/posts\/24826\/revisions"}],"predecessor-version":[{"id":24828,"href":"https:\/\/lahora.mx\/index.php\/wp-json\/wp\/v2\/posts\/24826\/revisions\/24828"}],"wp:featuredmedia":[{"embeddable":true,"href":"https:\/\/lahora.mx\/index.php\/wp-json\/wp\/v2\/media\/24827"}],"wp:attachment":[{"href":"https:\/\/lahora.mx\/index.php\/wp-json\/wp\/v2\/media?parent=24826"}],"wp:term":[{"taxonomy":"category","embeddable":true,"href":"https:\/\/lahora.mx\/index.php\/wp-json\/wp\/v2\/categories?post=24826"},{"taxonomy":"post_tag","embeddable":true,"href":"https:\/\/lahora.mx\/index.php\/wp-json\/wp\/v2\/tags?post=24826"}],"curies":[{"name":"wp","href":"https:\/\/api.w.org\/{rel}","templated":true}]}}