{"id":24823,"date":"2023-04-13T02:05:43","date_gmt":"2023-04-13T02:05:43","guid":{"rendered":"http:\/\/lahora.mx\/?p=24823"},"modified":"2023-04-13T02:05:43","modified_gmt":"2023-04-13T02:05:43","slug":"arranca-en-la-resurrecion-el-13-festival-gastronomico-y-cultural-de-la-memela","status":"publish","type":"post","link":"https:\/\/lahora.mx\/index.php\/2023\/04\/13\/arranca-en-la-resurrecion-el-13-festival-gastronomico-y-cultural-de-la-memela\/","title":{"rendered":"Arranca en la Resurreci\u00f3n el 13 festival gastron\u00f3mico y cultural de la memela"},"content":{"rendered":"\n<p>La fiesta ha comenzado en la Junta Auxiliar de la Resurrecci\u00f3n en d\u00f3nde tras el corte de list\u00f3n realizado por Eduardo Rivera P\u00e9rez, Presidente Municipal de Puebla, se dio inicio a las actividades del 13 Festival Gastron\u00f3mico y Cultural de la Memela donde alrededor de 60 comales arder\u00e1n para preparar hasta 140 mil gorditas.<\/p>\n\n\n\n<p>De acuerdo con el edil capitalino este evento surgido desde su administraci\u00f3n pasada es posible gracias al apoyo y trabajo coordinado entre el Gobierno que encabeza, la Presidencia Auxiliar dirigida por Adolfo Reyes P\u00e9rez Torres y la poblaci\u00f3n que compone esta demarcaci\u00f3n del municipio que, en conjunto, preparar\u00e1n m\u00e1s de 100 mil memelas \u00abpara el disfrute y deleite\u00bb de los miles de visitantes que se esperan.<\/p>\n\n\n\n<p>Es as\u00ed que, Reyes P\u00e9rez Torres coment\u00f3 que para esta edici\u00f3n se utilizar\u00e1n alrededor de cuatro toneladas de ma\u00edz, una tonelada de manteca, una tonelada de frijol, entre otros insumos para crear y compartir uno de los platillos m\u00e1s populares de la comunidad, mismo que las personas podr\u00e1n consumir \u00fanicamente pagando el importe de la bebida.<\/p>\n\n\n\n<p>Por su parte, Fabi\u00e1n Valdivia P\u00e9rez, Director del Instituto Municipal de Arte y Cultura, coment\u00f3 que el gobierno capitalino apoy\u00f3 y aport\u00f3 para la realizaci\u00f3n mediante el programa &#8216;Apoyo Ciudadano&#8217; y, que adem\u00e1s de la degustaci\u00f3n del tradicional platillo, las y los asistentes podr\u00e1n disfrutar de una programaci\u00f3n de actividades en las que participar\u00e1n el Colegio Barbiana con el himno nacional en n\u00e1huatl, la Banda Sinf\u00f3nica de Puebla, El Quinteto de Alientos de Madera del IMACP, el Quinteto de Metales, huehues, la Banda Herencia de San Miguel Canoa y muchos artistas m\u00e1s.<\/p>\n\n\n\n<p>En este festival tambi\u00e9n estuvieron los regidores Leobardo Rodr\u00edguez Ju\u00e1rez, Presidente de la Comisi\u00f3n de Arte y Cultura; Ernesto Aguilar Cabrera, integrante de la Comisi\u00f3n de Desarrollo Econ\u00f3mico y Turismo; Christian Lucero Guzm\u00e1n; Regidora Presidenta de la Comisi\u00f3n de Igualdad Sustantiva de G\u00e9nero y Derechos Humanos; Mario Riestra Pi\u00f1a, Diputado Federal; Jorge Cruz Lepe, Secretario de Gobernaci\u00f3n Municipal; Carlos Huerta Ram\u00edrez, Director de Turismo y Fernando Cort\u00e9s Betanzos, Coordinador General de Comunicaci\u00f3n Social.<\/p>\n","protected":false},"excerpt":{"rendered":"<p>La fiesta ha comenzado en la Junta Auxiliar de la Resurrecci\u00f3n en d\u00f3nde tras el corte de list\u00f3n realizado por Eduardo Rivera P\u00e9rez, Presidente Municipal de Puebla, se dio inicio a las actividades del 13 Festival Gastron\u00f3mico y Cultural de la Memela donde alrededor de 60 comales arder\u00e1n para preparar hasta 140 mil gorditas. De [&hellip;]<\/p>\n","protected":false},"author":4,"featured_media":24824,"comment_status":"open","ping_status":"open","sticky":false,"template":"","format":"standard","meta":{"om_disable_all_campaigns":false,"_monsterinsights_skip_tracking":false,"_monsterinsights_sitenote_active":false,"_monsterinsights_sitenote_note":"","_monsterinsights_sitenote_category":0,"footnotes":""},"categories":[175],"tags":[223],"class_list":["post-24823","post","type-post","status-publish","format-standard","has-post-thumbnail","hentry","category-local","tag-puebla"],"amp_enabled":true,"_links":{"self":[{"href":"https:\/\/lahora.mx\/index.php\/wp-json\/wp\/v2\/posts\/24823","targetHints":{"allow":["GET"]}}],"collection":[{"href":"https:\/\/lahora.mx\/index.php\/wp-json\/wp\/v2\/posts"}],"about":[{"href":"https:\/\/lahora.mx\/index.php\/wp-json\/wp\/v2\/types\/post"}],"author":[{"embeddable":true,"href":"https:\/\/lahora.mx\/index.php\/wp-json\/wp\/v2\/users\/4"}],"replies":[{"embeddable":true,"href":"https:\/\/lahora.mx\/index.php\/wp-json\/wp\/v2\/comments?post=24823"}],"version-history":[{"count":1,"href":"https:\/\/lahora.mx\/index.php\/wp-json\/wp\/v2\/posts\/24823\/revisions"}],"predecessor-version":[{"id":24825,"href":"https:\/\/lahora.mx\/index.php\/wp-json\/wp\/v2\/posts\/24823\/revisions\/24825"}],"wp:featuredmedia":[{"embeddable":true,"href":"https:\/\/lahora.mx\/index.php\/wp-json\/wp\/v2\/media\/24824"}],"wp:attachment":[{"href":"https:\/\/lahora.mx\/index.php\/wp-json\/wp\/v2\/media?parent=24823"}],"wp:term":[{"taxonomy":"category","embeddable":true,"href":"https:\/\/lahora.mx\/index.php\/wp-json\/wp\/v2\/categories?post=24823"},{"taxonomy":"post_tag","embeddable":true,"href":"https:\/\/lahora.mx\/index.php\/wp-json\/wp\/v2\/tags?post=24823"}],"curies":[{"name":"wp","href":"https:\/\/api.w.org\/{rel}","templated":true}]}}