{"id":24817,"date":"2023-04-13T01:59:41","date_gmt":"2023-04-13T01:59:41","guid":{"rendered":"http:\/\/lahora.mx\/?p=24817"},"modified":"2023-04-13T01:59:41","modified_gmt":"2023-04-13T01:59:41","slug":"nueva-tabla-de-enfermedades-del-trabajo-con-194-padecimientos-es-aprobada-por-diputados","status":"publish","type":"post","link":"https:\/\/lahora.mx\/index.php\/2023\/04\/13\/nueva-tabla-de-enfermedades-del-trabajo-con-194-padecimientos-es-aprobada-por-diputados\/","title":{"rendered":"Nueva tabla de enfermedades del trabajo con 194 padecimientos es aprobada por diputados"},"content":{"rendered":"\n<p class=\"wp-block-paragraph\">La C\u00e1mara de Diputados aprob\u00f3 por unanimidad aumentar de 161 a 194 los padecimientos de la tabla de enfermedades del trabajo, un cat\u00e1logo que llevaba medio siglo sin actualizarse. Entre otros males, reconoce que 26 tipos de c\u00e1ncer \u2014como el de mama\u2014, la depresi\u00f3n, la endometriosis y los abortos recurrentes pueden ser provocados por el empleo.<\/p>\n\n\n\n<p class=\"wp-block-paragraph\">El proyecto fue construido en el gobierno federal y le fueron agregadas propuestas de legisladoras y legisladores en el mismo sentido. Con ello se reforman los art\u00edculos 512, 514 y 515 de la Ley Federal del Trabajo (LFT). El proyecto pas\u00f3 al Senado para su revisi\u00f3n.<\/p>\n\n\n\n<p class=\"wp-block-paragraph\">\u201cEn promedio, en M\u00e9xico ocurren 513,000 riesgos de trabajo por a\u00f1o los cuales consisten en accidentes de trabajo, accidentes en el trayecto y enfermedades laborales\u201d, expuso el presidente de la Comisi\u00f3n del Trabajo y Previsi\u00f3n Social, Manuel Baldenebro (Morena).<\/p>\n\n\n\n<p class=\"wp-block-paragraph\">\u201cTodas las voces fueron escuchadas, las propuestas de todas las bancadas y asociaciones civiles. Lo que deriv\u00f3 en un dictamen aprobado por unanimidad\u201d, agreg\u00f3 desde la tribuna al presentar el proyecto de reforma.<\/p>\n\n\n\n<p class=\"wp-block-paragraph\">Al aceptar que estas enfermedades son generadas por el trabajo, quienes las desarrollen tienen derecho a una incapacidad pagada, ya sea temporal, parcial o permanente, y a una indemnizaci\u00f3n.<\/p>\n\n\n\n<p class=\"wp-block-paragraph\">\u201cAprobar este dictamen significa apuntalar la serie de reformas laborales de gran calado que hemos aprobado en esta Cuarta Transformaci\u00f3n, como la del outsourcing, el reconocimiento a las trabajadoras del hogar, la normativa al teletrabajo y el aumento de las vacaciones\u201d, expres\u00f3 el legislador.<\/p>\n\n\n\n<p class=\"wp-block-paragraph\">En la reforma fueron incluidas algunas de las condiciones mentales m\u00e1s comunes y que cada vez est\u00e1n m\u00e1s presentes entre la poblaci\u00f3n, como el trastorno de ansiedad y otros m\u00e1s asociados al estr\u00e9s, conocido tambi\u00e9n como burnout.<\/p>\n\n\n\n<p class=\"wp-block-paragraph\">Tambi\u00e9n incluyeron algunos da\u00f1os causados por aspirar contaminantes, as\u00ed como lesiones musculares y articulares frecuentes en un mundo cada vez m\u00e1s digital, como el s\u00edndrome del t\u00fanel carpiano.<\/p>\n\n\n\n<p class=\"wp-block-paragraph\">Otro cambio importante es que se recupera y modifica la tabla de valuaci\u00f3n. Dicho instrumento sirve para que los especialistas calculen la gravedad del da\u00f1o y el monto de la indemnizaci\u00f3n o pensi\u00f3n a la que tiene derecho la persona afectada.<\/p>\n\n\n\n<p class=\"wp-block-paragraph\">La reforma, \u201ccon base en la evidencia cient\u00edfica\u201d, considera los efectos a la salud de las personas trabajadoras \u201ccausados por los factores de riesgo\u201d f\u00edsicos, qu\u00edmicos, biol\u00f3gicos, ergon\u00f3micos y psicosociales en el \u00e1mbito laboral, se puntualiza en el dictamen.<\/p>\n\n\n\n<p class=\"wp-block-paragraph\">A revisi\u00f3n cada cinco a\u00f1os<br>El mundo se vive diferente, se trabaja diferente y, por lo tanto, nos enfermamos de manera diferente. En los \u00faltimos 53 a\u00f1os el ADN fue secuenciado, apareci\u00f3 el tel\u00e9fono celular y nos hicimos dependientes de \u00e9ste y del Internet, pero la tabla de enfermedades laborales continuaba sin cambio.<\/p>\n\n\n\n<p class=\"wp-block-paragraph\">En 2019, un equipo multidisciplinario dirigido por Cointa Lagunes Cruz, directora de Normalizaci\u00f3n de Seguridad y Salud Laborales de la Secretar\u00eda del Trabajo y Previsi\u00f3n Social (STPS), inici\u00f3 una investigaci\u00f3n cient\u00edfica para sustentar la inclusi\u00f3n de cada uno de estos padecimientos.<\/p>\n\n\n\n<p class=\"wp-block-paragraph\">La \u00faltima ocasi\u00f3n en la que fue actualizada fue en 1970, luego de que fuera incluida en la LFT del 1931. Pasaron los sexenios de Luis Echeverr\u00eda, Jos\u00e9 L\u00f3pez Portillo, Miguel de la Madrid, Carlos Salinas, Ernesto Zedillo, Vicente Fox, Felipe Calder\u00f3n y Enrique Pe\u00f1a y la tabla manten\u00eda las mismas 161 patolog\u00edas.<\/p>\n\n\n\n<p class=\"wp-block-paragraph\">Por ello, esta vez, la STPS propuso que el listado sea revisado al menos cada cinco a\u00f1os, o cuando existan estudios e investigaciones que lo justifiquen. Esto qued\u00f3 establecido en el art\u00edculo 514 de la LFT.<\/p>\n\n\n\n<p class=\"wp-block-paragraph\">Con la modificaci\u00f3n al art\u00edculo 513,000 la STPS ser\u00e1 la instituci\u00f3n responsable de actualizar las tablas de enfermedades y de valuaci\u00f3n. Y ser\u00e1 la persona que encabece el Ejecutivo federal quien inicie el proceso legislativo para modificarlas.<\/p>\n\n\n\n<p class=\"wp-block-paragraph\">Algunas de las enfermedades incorporadas<br>Al actualizar la tabla, se crearon 11 grupos de padecimientos. El que se refiere a los c\u00e1nceres de origen laboral fue el que tuvo m\u00e1s actualizaciones, pues pas\u00f3 de cuatro a 30 tipos de carcinomas.<\/p>\n\n\n\n<p class=\"wp-block-paragraph\">En el grupo IV est\u00e1n los trastornos mentales, como la ansiedad, el insomnio, la depresi\u00f3n y los trastornos asociados al estr\u00e9s. Estas condiciones se pueden presentar en cualquier persona trabajadora y puesto, pero la tabla resalta que el personal de salud, educaci\u00f3n, transporte, buceo industrial, atenci\u00f3n a usuarios, seguridad p\u00fablica, fuerzas armadas, atenci\u00f3n de desastres y urgencias, del sector privado y p\u00fablico podr\u00edan estar m\u00e1s expuestas.<\/p>\n\n\n\n<p class=\"wp-block-paragraph\">En tanto, \u201cel grupo de las patolog\u00edas infecciosas y parasitarias pas\u00f3 de 21 a 41\u201d. Entre ellas est\u00e1 la covid-19, cuyo riesgo de exposici\u00f3n para las personas trabajadoras ser\u00e1 medido en cuatro niveles, desde el m\u00e1s bajo al muy alto. Aqu\u00ed tambi\u00e9n se incluye a la gripe aviar y la influenza AH5N1<\/p>\n\n\n\n<p class=\"wp-block-paragraph\">Varias enfermedades de los ojos, como las cataratas, conjuntivitis, el deterioro leve y moderado de la visi\u00f3n y el glaucoma, pueden ser consideradas como consecuencias laborales.<\/p>\n\n\n\n<p class=\"wp-block-paragraph\">Se reconoce la anemia apl\u00e1sica, que es cuando el cuerpo deja de producir suficientes c\u00e9lulas sangu\u00edneas nuevas y afecta a quienes trabajan en la industria editorial y de impresiones, en el aprovechamiento de chatarra para obtener piezas fundidas, en radioterapia y en la refinaci\u00f3n de petr\u00f3leo.<\/p>\n\n\n\n<p class=\"wp-block-paragraph\">Adem\u00e1s, las personas que fabrican productos farmac\u00e9uticos, cosm\u00e9ticos y perfumes, o que se dedican a la fumigaci\u00f3n y control de plagas, en la industria farmac\u00e9utica pueden generar hipertensi\u00f3n y cardiopat\u00eda isqu\u00e9mica, se\u00f1ala la iniciativa.<\/p>\n\n\n\n<p class=\"wp-block-paragraph\">Asimismo, ser\u00e1 una enfermedad del trabajo la insuficiencia venosa perif\u00e9rica cr\u00f3nica, causada por estar de pie mucho tiempo o caminar mucho. Esto lo padecen las personas que trabajaban como cajeras, cartero o carteras, choferes de transporte terrestre, meseros, polic\u00edas, personal de salud y vigilantes.<\/p>\n\n\n\n<p class=\"wp-block-paragraph\">La legislaci\u00f3n tambi\u00e9n incorporar\u00e1 enfermedades pulmonares y dermatitis al\u00e9rgicas. Se reconoce que personas trabajadoras como choferes, repartidoras, meseras, deportistas profesionales y quienes laboran en posiciones forzadas no ergon\u00f3micas, pueden desarrollar afecciones en la columna, s\u00edndrome del t\u00fanel carpiano. tendinitis del hombro.<\/p>\n","protected":false},"excerpt":{"rendered":"<p>La C\u00e1mara de Diputados aprob\u00f3 por unanimidad aumentar de 161 a 194 los padecimientos de la tabla de enfermedades del trabajo, un cat\u00e1logo que llevaba medio siglo sin actualizarse. Entre otros males, reconoce que 26 tipos de c\u00e1ncer \u2014como el de mama\u2014, la depresi\u00f3n, la endometriosis y los abortos recurrentes pueden ser provocados por el [&hellip;]<\/p>\n","protected":false},"author":4,"featured_media":24818,"comment_status":"open","ping_status":"open","sticky":false,"template":"","format":"standard","meta":{"om_disable_all_campaigns":false,"_monsterinsights_skip_tracking":false,"footnotes":""},"categories":[176],"tags":[],"class_list":["post-24817","post","type-post","status-publish","format-standard","has-post-thumbnail","hentry","category-nacional"],"amp_enabled":true,"_links":{"self":[{"href":"https:\/\/lahora.mx\/index.php\/wp-json\/wp\/v2\/posts\/24817","targetHints":{"allow":["GET"]}}],"collection":[{"href":"https:\/\/lahora.mx\/index.php\/wp-json\/wp\/v2\/posts"}],"about":[{"href":"https:\/\/lahora.mx\/index.php\/wp-json\/wp\/v2\/types\/post"}],"author":[{"embeddable":true,"href":"https:\/\/lahora.mx\/index.php\/wp-json\/wp\/v2\/users\/4"}],"replies":[{"embeddable":true,"href":"https:\/\/lahora.mx\/index.php\/wp-json\/wp\/v2\/comments?post=24817"}],"version-history":[{"count":1,"href":"https:\/\/lahora.mx\/index.php\/wp-json\/wp\/v2\/posts\/24817\/revisions"}],"predecessor-version":[{"id":24819,"href":"https:\/\/lahora.mx\/index.php\/wp-json\/wp\/v2\/posts\/24817\/revisions\/24819"}],"wp:featuredmedia":[{"embeddable":true,"href":"https:\/\/lahora.mx\/index.php\/wp-json\/wp\/v2\/media\/24818"}],"wp:attachment":[{"href":"https:\/\/lahora.mx\/index.php\/wp-json\/wp\/v2\/media?parent=24817"}],"wp:term":[{"taxonomy":"category","embeddable":true,"href":"https:\/\/lahora.mx\/index.php\/wp-json\/wp\/v2\/categories?post=24817"},{"taxonomy":"post_tag","embeddable":true,"href":"https:\/\/lahora.mx\/index.php\/wp-json\/wp\/v2\/tags?post=24817"}],"curies":[{"name":"wp","href":"https:\/\/api.w.org\/{rel}","templated":true}]}}