{"id":24811,"date":"2023-04-13T01:54:50","date_gmt":"2023-04-13T01:54:50","guid":{"rendered":"http:\/\/lahora.mx\/?p=24811"},"modified":"2023-04-13T01:54:50","modified_gmt":"2023-04-13T01:54:50","slug":"cierran-oficinas-de-conagua","status":"publish","type":"post","link":"https:\/\/lahora.mx\/index.php\/2023\/04\/13\/cierran-oficinas-de-conagua\/","title":{"rendered":"Cierran oficinas de Conagua"},"content":{"rendered":"\n<p>Trabajadores del Sindicato Nacional de Medio Ambiente y Recursos Naturales, secci\u00f3n 37 en Puebla, se sumaron al paro nacional y cerraron las oficinas de la Comisi\u00f3n Nacional del Agua (Conagua) en Puebla, para exigir que se respete su contrato y las prestaciones de este.<\/p>\n\n\n\n<p>De acuerdo con Arturo C\u00f3rdoba Cort\u00e1zar, secretario general de la secci\u00f3n 37, la manifestaci\u00f3n es para solicitar la basificaci\u00f3n de compa\u00f1eros eventuales y de confianza, as\u00ed como la dotaci\u00f3n de equipo de trabajo completo, pago de prestaciones y que se les otorgue vi\u00e1ticos a las personas que salen a campo.<\/p>\n\n\n\n<p>Igualmente se\u00f1al\u00f3 que urge que el parque vehicular se encuentre en buenas condiciones y que se reanuden los juegos deportivos y culturales de los agremiados.<\/p>\n\n\n\n<p>Empresas cumplieron llamado para mejorar saneamiento de agua, asegura Norma Lay\u00f3n<br>Por ello, con lonas cerraron las puertas de las oficinas de la Conagua ubicadas el el Circuito Juan Pablo II, Plaza Am\u00e9rica, para suspender las labores de este 12 de abril.<\/p>\n\n\n\n<p>Entre los mensajes de descontento se observaron los siguientes: \u201cNo se acepta la entrega de ropa y equipo de protecci\u00f3n de trabajo incompleta, en virtud del incumplimiento de nuestras autoridades a lo establecido en estas condiciones generales de trabajo\u201d.<\/p>\n\n\n\n<p>As\u00ed como \u201cTrabajamos para servir a la sociedad poblana y como servidor p\u00fablico operativo nos manifestamos y exigimos un contrato digno y el respeto de nuestro trabajo para por brindar un buen servicio\u201d.<\/p>\n\n\n\n<p>A\u00f1adi\u00f3 que otras problem\u00e1ticas que enfrentan en Puebla es que no cuentan con ba\u00f1os propios, pues son de la plaza y no tienen suficiente material administrativo.<\/p>\n\n\n\n<p>Finalmente agreg\u00f3 que este paro es a nivel nacional en conjunto con trabajadores de la Procuradur\u00eda Federal de Protecci\u00f3n al Ambiente (Profepa) y Comisi\u00f3n Nacional del Forestal, Comisi\u00f3n Nacional de \u00c1reas Naturales Protegidas (Conanp) y Secretar\u00eda de Medio Ambiente y Recursos Naturales (Semarnat).<\/p>\n","protected":false},"excerpt":{"rendered":"<p>Trabajadores del Sindicato Nacional de Medio Ambiente y Recursos Naturales, secci\u00f3n 37 en Puebla, se sumaron al paro nacional y cerraron las oficinas de la Comisi\u00f3n Nacional del Agua (Conagua) en Puebla, para exigir que se respete su contrato y las prestaciones de este. De acuerdo con Arturo C\u00f3rdoba Cort\u00e1zar, secretario general de la secci\u00f3n [&hellip;]<\/p>\n","protected":false},"author":4,"featured_media":24812,"comment_status":"open","ping_status":"open","sticky":false,"template":"","format":"standard","meta":{"om_disable_all_campaigns":false,"_monsterinsights_skip_tracking":false,"_monsterinsights_sitenote_active":false,"_monsterinsights_sitenote_note":"","_monsterinsights_sitenote_category":0,"footnotes":""},"categories":[175],"tags":[195,223],"class_list":["post-24811","post","type-post","status-publish","format-standard","has-post-thumbnail","hentry","category-local","tag-principal","tag-puebla"],"amp_enabled":true,"_links":{"self":[{"href":"https:\/\/lahora.mx\/index.php\/wp-json\/wp\/v2\/posts\/24811","targetHints":{"allow":["GET"]}}],"collection":[{"href":"https:\/\/lahora.mx\/index.php\/wp-json\/wp\/v2\/posts"}],"about":[{"href":"https:\/\/lahora.mx\/index.php\/wp-json\/wp\/v2\/types\/post"}],"author":[{"embeddable":true,"href":"https:\/\/lahora.mx\/index.php\/wp-json\/wp\/v2\/users\/4"}],"replies":[{"embeddable":true,"href":"https:\/\/lahora.mx\/index.php\/wp-json\/wp\/v2\/comments?post=24811"}],"version-history":[{"count":1,"href":"https:\/\/lahora.mx\/index.php\/wp-json\/wp\/v2\/posts\/24811\/revisions"}],"predecessor-version":[{"id":24813,"href":"https:\/\/lahora.mx\/index.php\/wp-json\/wp\/v2\/posts\/24811\/revisions\/24813"}],"wp:featuredmedia":[{"embeddable":true,"href":"https:\/\/lahora.mx\/index.php\/wp-json\/wp\/v2\/media\/24812"}],"wp:attachment":[{"href":"https:\/\/lahora.mx\/index.php\/wp-json\/wp\/v2\/media?parent=24811"}],"wp:term":[{"taxonomy":"category","embeddable":true,"href":"https:\/\/lahora.mx\/index.php\/wp-json\/wp\/v2\/categories?post=24811"},{"taxonomy":"post_tag","embeddable":true,"href":"https:\/\/lahora.mx\/index.php\/wp-json\/wp\/v2\/tags?post=24811"}],"curies":[{"name":"wp","href":"https:\/\/api.w.org\/{rel}","templated":true}]}}