{"id":24808,"date":"2023-04-13T01:49:22","date_gmt":"2023-04-13T01:49:22","guid":{"rendered":"http:\/\/lahora.mx\/?p=24808"},"modified":"2023-04-13T01:49:22","modified_gmt":"2023-04-13T01:49:22","slug":"puebla-registra-16-personas-hospitalizadas-por-covid-19","status":"publish","type":"post","link":"https:\/\/lahora.mx\/index.php\/2023\/04\/13\/puebla-registra-16-personas-hospitalizadas-por-covid-19\/","title":{"rendered":"Puebla registra 16 personas hospitalizadas por COVID-19"},"content":{"rendered":"\n<p>El Gobierno del Estado, a trav\u00e9s de la Secretar\u00eda de Salud, informa que el n\u00famero de personas hospitalizadas por COVID-19 tuvo una disminuci\u00f3n, pues suman 16 pacientes, seis menos que lo reportado el martes 11 de abril de 2023.<\/p>\n\n\n\n<p>De los pacientes que est\u00e1n internados en las unidades m\u00e9dicas, s\u00f3lo dos requieren de ventilaci\u00f3n mec\u00e1nica asistida.<\/p>\n\n\n\n<p>Asimismo, en las \u00faltimas 24 horas hubo 96 nuevos contagios y ninguna defunci\u00f3n a causa de la COVID-19. En cuanto a los casos activos, entre ambulatorios y hospitalizados, existen 647, los cuales est\u00e1n distribuidos en 41 municipios.<\/p>\n\n\n\n<p>En ese sentido, el gobierno presente de Sergio Salom\u00f3n reitera a las y los poblanos que tengan alg\u00fan s\u00edntoma de resfriado que acudan a la unidad m\u00e9dica m\u00e1s cercana para su valoraci\u00f3n correspondiente, a fin de descartar este virus.<\/p>\n","protected":false},"excerpt":{"rendered":"<p>El Gobierno del Estado, a trav\u00e9s de la Secretar\u00eda de Salud, informa que el n\u00famero de personas hospitalizadas por COVID-19 tuvo una disminuci\u00f3n, pues suman 16 pacientes, seis menos que lo reportado el martes 11 de abril de 2023. De los pacientes que est\u00e1n internados en las unidades m\u00e9dicas, s\u00f3lo dos requieren de ventilaci\u00f3n mec\u00e1nica [&hellip;]<\/p>\n","protected":false},"author":4,"featured_media":24809,"comment_status":"open","ping_status":"open","sticky":false,"template":"","format":"standard","meta":{"om_disable_all_campaigns":false,"_monsterinsights_skip_tracking":false,"_monsterinsights_sitenote_active":false,"_monsterinsights_sitenote_note":"","_monsterinsights_sitenote_category":0,"footnotes":""},"categories":[175],"tags":[195,223],"class_list":["post-24808","post","type-post","status-publish","format-standard","has-post-thumbnail","hentry","category-local","tag-principal","tag-puebla"],"amp_enabled":true,"_links":{"self":[{"href":"https:\/\/lahora.mx\/index.php\/wp-json\/wp\/v2\/posts\/24808","targetHints":{"allow":["GET"]}}],"collection":[{"href":"https:\/\/lahora.mx\/index.php\/wp-json\/wp\/v2\/posts"}],"about":[{"href":"https:\/\/lahora.mx\/index.php\/wp-json\/wp\/v2\/types\/post"}],"author":[{"embeddable":true,"href":"https:\/\/lahora.mx\/index.php\/wp-json\/wp\/v2\/users\/4"}],"replies":[{"embeddable":true,"href":"https:\/\/lahora.mx\/index.php\/wp-json\/wp\/v2\/comments?post=24808"}],"version-history":[{"count":1,"href":"https:\/\/lahora.mx\/index.php\/wp-json\/wp\/v2\/posts\/24808\/revisions"}],"predecessor-version":[{"id":24810,"href":"https:\/\/lahora.mx\/index.php\/wp-json\/wp\/v2\/posts\/24808\/revisions\/24810"}],"wp:featuredmedia":[{"embeddable":true,"href":"https:\/\/lahora.mx\/index.php\/wp-json\/wp\/v2\/media\/24809"}],"wp:attachment":[{"href":"https:\/\/lahora.mx\/index.php\/wp-json\/wp\/v2\/media?parent=24808"}],"wp:term":[{"taxonomy":"category","embeddable":true,"href":"https:\/\/lahora.mx\/index.php\/wp-json\/wp\/v2\/categories?post=24808"},{"taxonomy":"post_tag","embeddable":true,"href":"https:\/\/lahora.mx\/index.php\/wp-json\/wp\/v2\/tags?post=24808"}],"curies":[{"name":"wp","href":"https:\/\/api.w.org\/{rel}","templated":true}]}}