{"id":24805,"date":"2023-04-13T01:41:42","date_gmt":"2023-04-13T01:41:42","guid":{"rendered":"http:\/\/lahora.mx\/?p=24805"},"modified":"2023-04-13T01:41:42","modified_gmt":"2023-04-13T01:41:42","slug":"damnificados-de-san-marcos-guaquilpan-calpulalpan-son-atendidos-por-sedif","status":"publish","type":"post","link":"https:\/\/lahora.mx\/index.php\/2023\/04\/13\/damnificados-de-san-marcos-guaquilpan-calpulalpan-son-atendidos-por-sedif\/","title":{"rendered":"Damnificados de San Marcos Guaquilpan, Calpulalpan son atendidos por Sedif"},"content":{"rendered":"\n<p>Tras los da\u00f1os a viviendas causados por la granizada at\u00edpica que afect\u00f3 a la comunidad de San Marcos Guaquilpan, del municipio de Calpulalpan, el Sistema Estatal para el Desarrollo Integral de la Familia (Sedif) entreg\u00f3 apoyos en especie y brind\u00f3 atenci\u00f3n m\u00e9dica a la ciudadan\u00eda.<\/p>\n\n\n\n<p>Atiende Sistema Estatal DIF a damnificados por granizada en Calpulalpan<br>Se activ\u00f3 el Programa de Atenci\u00f3n Alimentaria a Personas en Situaci\u00f3n de Emergencia o Desastre para el Estado de Tlaxcala, con el objetivo de atender a las familias damnificadas.<\/p>\n\n\n\n<p>En Calpulalpan, da\u00f1\u00f3 58 casas la granizada en Guaquilpan<br>La presidenta honor\u00edfica del Sistema Estatal DIF, Mariana Espinosa de los Monteros Cu\u00e9llar, as\u00ed como por la directora general del organismo descentralizado, Flor L\u00f3pez Hinojosa, y la Coordinaci\u00f3n Estatal de Protecci\u00f3n Civil (CEPC), encabezaron la brigada de ayuda, a trav\u00e9s de la cual entregaron despensas, cobijas, ropa, zapatos y acercaron atenci\u00f3n m\u00e9dica a las familias damnificadas.<\/p>\n\n\n\n<p>En esta caravana se incluyeron dos Unidades M\u00f3viles de Servicios M\u00e9dicos, de las cuales una fue para brindar consulta general a la poblaci\u00f3n, toda vez que el centro de salud de la localidad result\u00f3 afectado por la granizada, mientras que la otra brind\u00f3 atenci\u00f3n directamente en las casas.<\/p>\n\n\n\n<p>La presidenta honor\u00edfica del Sedif visit\u00f3 las viviendas afectas ubicadas sobre la calle Francisco I. Madero, para hacer entrega de despensas con productos de la canasta b\u00e1sica, cobijas y ropa en apoyo a ni\u00f1as, ni\u00f1os, adultos mayores, personas con discapacidad y mujeres.<\/p>\n\n\n\n<p>Mariana Espinosa de los Monteros escuch\u00f3 con atenci\u00f3n las necesidades de la poblaci\u00f3n y las an\u00e9cdotas que vivieron el pasado domingo cuando cay\u00f3 la granizada.<\/p>\n","protected":false},"excerpt":{"rendered":"<p>Tras los da\u00f1os a viviendas causados por la granizada at\u00edpica que afect\u00f3 a la comunidad de San Marcos Guaquilpan, del municipio de Calpulalpan, el Sistema Estatal para el Desarrollo Integral de la Familia (Sedif) entreg\u00f3 apoyos en especie y brind\u00f3 atenci\u00f3n m\u00e9dica a la ciudadan\u00eda. Atiende Sistema Estatal DIF a damnificados por granizada en CalpulalpanSe [&hellip;]<\/p>\n","protected":false},"author":4,"featured_media":24806,"comment_status":"open","ping_status":"open","sticky":false,"template":"","format":"standard","meta":{"om_disable_all_campaigns":false,"_monsterinsights_skip_tracking":false,"_monsterinsights_sitenote_active":false,"_monsterinsights_sitenote_note":"","_monsterinsights_sitenote_category":0,"footnotes":""},"categories":[175],"tags":[223,210],"class_list":["post-24805","post","type-post","status-publish","format-standard","has-post-thumbnail","hentry","category-local","tag-puebla","tag-tlaxcala"],"amp_enabled":true,"_links":{"self":[{"href":"https:\/\/lahora.mx\/index.php\/wp-json\/wp\/v2\/posts\/24805","targetHints":{"allow":["GET"]}}],"collection":[{"href":"https:\/\/lahora.mx\/index.php\/wp-json\/wp\/v2\/posts"}],"about":[{"href":"https:\/\/lahora.mx\/index.php\/wp-json\/wp\/v2\/types\/post"}],"author":[{"embeddable":true,"href":"https:\/\/lahora.mx\/index.php\/wp-json\/wp\/v2\/users\/4"}],"replies":[{"embeddable":true,"href":"https:\/\/lahora.mx\/index.php\/wp-json\/wp\/v2\/comments?post=24805"}],"version-history":[{"count":1,"href":"https:\/\/lahora.mx\/index.php\/wp-json\/wp\/v2\/posts\/24805\/revisions"}],"predecessor-version":[{"id":24807,"href":"https:\/\/lahora.mx\/index.php\/wp-json\/wp\/v2\/posts\/24805\/revisions\/24807"}],"wp:featuredmedia":[{"embeddable":true,"href":"https:\/\/lahora.mx\/index.php\/wp-json\/wp\/v2\/media\/24806"}],"wp:attachment":[{"href":"https:\/\/lahora.mx\/index.php\/wp-json\/wp\/v2\/media?parent=24805"}],"wp:term":[{"taxonomy":"category","embeddable":true,"href":"https:\/\/lahora.mx\/index.php\/wp-json\/wp\/v2\/categories?post=24805"},{"taxonomy":"post_tag","embeddable":true,"href":"https:\/\/lahora.mx\/index.php\/wp-json\/wp\/v2\/tags?post=24805"}],"curies":[{"name":"wp","href":"https:\/\/api.w.org\/{rel}","templated":true}]}}